{"id":289950,"date":"2015-02-23T11:46:45","date_gmt":"2015-02-23T10:46:45","guid":{"rendered":"http:\/\/olmar.test.obice.es\/?p=1735"},"modified":"2025-01-15T08:48:57","modified_gmt":"2025-01-15T08:48:57","slug":"el-airbus-a350-aterriza-en-espana","status":"publish","type":"post","link":"https:\/\/www.olmar.com\/es\/el-airbus-a350-aterriza-en-espana\/","title":{"rendered":"EL AIRBUS A350 ATERRIZA EN ESPA\u00d1A"},"content":{"rendered":"<h2>Este modelo es el elegido por Iberia para la renovaci\u00f3n de su flota en 2018<\/h2>\n<p>El nuevo avi\u00f3n de largo radio de Airbus, el A350, ha realizado uno de sus primeros aterrizajes en el aeropuerto Alfonso Su\u00e1rez &#8211; Madrid Barajas procedente de la ciudad francesa de Toulouse, en un vuelo operado por una de las cinco unidades de prueba del fabricante europeo. Este modelo es el elegido por Iberia para la renovaci\u00f3n de su flota en 2018, sustituyendo al modelo A340-600 que cubre actualmente gran parte de las rutas latinoamericanas de la compa\u00f1\u00eda.<\/p>\n<p>En palabras de Luis Gallego, presidente de la aerol\u00ednea, el A350 \u00abintroduce un importante ahorro de combustible (un 25% menos que sus equivalentes actuales), mejoras en la emisi\u00f3n de CO2 (tambi\u00e9n un 25% menos), reducci\u00f3n del ruido y minoraci\u00f3n de los costes de mantenimiento\u00bb. El coste de formaci\u00f3n del personal tambi\u00e9n es un 65% inferior, ya que comparte muchos elementos con el A330.<\/p>\n<p>Gallego ha destacado el empleo de materiales compuestos en la fabricaci\u00f3n del A350, como la fibra de carbono \u2014presente en m\u00e1s de la mitad de la estructura del avi\u00f3n\u2014, el titanio y diferentes aleaciones de aluminio. Cabe destacar la presencia de la industria espa\u00f1ola en la fabricaci\u00f3n de m\u00e1s del 11% del modelo, con fabricantes como Industrial Olmar que, entre otros, aporta a este proyecto su experiencia en la utilizaci\u00f3n de la fibra de carbono en la industria aeron\u00e1utica.<\/p>\n<p>Fuente: El Pa\u00eds<\/p>\n","protected":false},"excerpt":{"rendered":"<p>Este modelo es el elegido por Iberia para la renovaci\u00f3n de su flota en 2018 El nuevo avi\u00f3n de largo radio de Airbus, el A350, ha realizado uno de sus primeros aterrizajes en el aeropuerto Alfonso Su\u00e1rez &#8211; Madrid Barajas procedente de la ciudad francesa de Toulouse, en un vuelo operado por una de las [&hellip;]<\/p>\n","protected":false},"author":2,"featured_media":255362,"comment_status":"open","ping_status":"open","sticky":false,"template":"","format":"standard","meta":{"footnotes":""},"categories":[12],"tags":[],"class_list":["post-289950","post","type-post","status-publish","format-standard","has-post-thumbnail","hentry","category-es"],"yoast_head":"<!-- This site is optimized with the Yoast SEO plugin v27.4 - https:\/\/yoast.com\/product\/yoast-seo-wordpress\/ -->\n<title>EL AIRBUS A350 ATERRIZA EN ESPA\u00d1A - Olmar<\/title>\n<meta name=\"description\" content=\"El AIRBUS A350 es el elegido por Iberia para la renovaci\u00f3n de su flota en 2018\" \/>\n<meta name=\"robots\" content=\"index, follow, max-snippet:-1, max-image-preview:large, max-video-preview:-1\" \/>\n<link rel=\"canonical\" href=\"https:\/\/www.olmar.com\/es\/el-airbus-a350-aterriza-en-espana\/\" \/>\n<meta property=\"og:locale\" content=\"es_ES\" \/>\n<meta property=\"og:type\" content=\"article\" \/>\n<meta property=\"og:title\" content=\"EL AIRBUS A350 ATERRIZA EN ESPA\u00d1A - Olmar\" \/>\n<meta property=\"og:description\" content=\"El AIRBUS A350 es el elegido por Iberia para la renovaci\u00f3n de su flota en 2018\" \/>\n<meta property=\"og:url\" content=\"https:\/\/www.olmar.com\/es\/el-airbus-a350-aterriza-en-espana\/\" \/>\n<meta property=\"og:site_name\" content=\"Olmar\" \/>\n<meta property=\"article:published_time\" content=\"2015-02-23T10:46:45+00:00\" \/>\n<meta property=\"article:modified_time\" content=\"2025-01-15T08:48:57+00:00\" \/>\n<meta property=\"og:image\" content=\"https:\/\/www.olmar.com\/wp-content\/uploads\/2015\/02\/AirbusA350aterrizaEspana.jpg\" \/>\n\t<meta property=\"og:image:width\" content=\"200\" \/>\n\t<meta property=\"og:image:height\" content=\"200\" \/>\n\t<meta property=\"og:image:type\" content=\"image\/jpeg\" \/>\n<meta name=\"author\" content=\"Olmar Test\" \/>\n<meta name=\"twitter:card\" content=\"summary_large_image\" \/>\n<meta name=\"twitter:label1\" content=\"Escrito por\" \/>\n\t<meta name=\"twitter:data1\" content=\"Olmar Test\" \/>\n\t<meta name=\"twitter:label2\" content=\"Tiempo de lectura\" \/>\n\t<meta name=\"twitter:data2\" content=\"2 minutos\" \/>\n<script type=\"application\/ld+json\" class=\"yoast-schema-graph\">{\"@context\":\"https:\\\/\\\/schema.org\",\"@graph\":[{\"@type\":\"Article\",\"@id\":\"https:\\\/\\\/www.olmar.com\\\/es\\\/el-airbus-a350-aterriza-en-espana\\\/#article\",\"isPartOf\":{\"@id\":\"https:\\\/\\\/www.olmar.com\\\/es\\\/el-airbus-a350-aterriza-en-espana\\\/\"},\"author\":{\"name\":\"Olmar Test\",\"@id\":\"https:\\\/\\\/www.olmar.com\\\/es\\\/#\\\/schema\\\/person\\\/1e3a9ace6046a05104258f3aead578f6\"},\"headline\":\"EL AIRBUS A350 ATERRIZA EN ESPA\u00d1A\",\"datePublished\":\"2015-02-23T10:46:45+00:00\",\"dateModified\":\"2025-01-15T08:48:57+00:00\",\"mainEntityOfPage\":{\"@id\":\"https:\\\/\\\/www.olmar.com\\\/es\\\/el-airbus-a350-aterriza-en-espana\\\/\"},\"wordCount\":261,\"commentCount\":0,\"image\":{\"@id\":\"https:\\\/\\\/www.olmar.com\\\/es\\\/el-airbus-a350-aterriza-en-espana\\\/#primaryimage\"},\"thumbnailUrl\":\"https:\\\/\\\/www.olmar.com\\\/wp-content\\\/uploads\\\/2015\\\/02\\\/AirbusA350aterrizaEspana.jpg\",\"articleSection\":[\"es\"],\"inLanguage\":\"es\",\"potentialAction\":[{\"@type\":\"CommentAction\",\"name\":\"Comment\",\"target\":[\"https:\\\/\\\/www.olmar.com\\\/es\\\/el-airbus-a350-aterriza-en-espana\\\/#respond\"]}]},{\"@type\":\"WebPage\",\"@id\":\"https:\\\/\\\/www.olmar.com\\\/es\\\/el-airbus-a350-aterriza-en-espana\\\/\",\"url\":\"https:\\\/\\\/www.olmar.com\\\/es\\\/el-airbus-a350-aterriza-en-espana\\\/\",\"name\":\"EL AIRBUS A350 ATERRIZA EN ESPA\u00d1A - Olmar\",\"isPartOf\":{\"@id\":\"https:\\\/\\\/www.olmar.com\\\/es\\\/#website\"},\"primaryImageOfPage\":{\"@id\":\"https:\\\/\\\/www.olmar.com\\\/es\\\/el-airbus-a350-aterriza-en-espana\\\/#primaryimage\"},\"image\":{\"@id\":\"https:\\\/\\\/www.olmar.com\\\/es\\\/el-airbus-a350-aterriza-en-espana\\\/#primaryimage\"},\"thumbnailUrl\":\"https:\\\/\\\/www.olmar.com\\\/wp-content\\\/uploads\\\/2015\\\/02\\\/AirbusA350aterrizaEspana.jpg\",\"datePublished\":\"2015-02-23T10:46:45+00:00\",\"dateModified\":\"2025-01-15T08:48:57+00:00\",\"author\":{\"@id\":\"https:\\\/\\\/www.olmar.com\\\/es\\\/#\\\/schema\\\/person\\\/1e3a9ace6046a05104258f3aead578f6\"},\"description\":\"El AIRBUS A350 es el elegido por Iberia para la renovaci\u00f3n de su flota en 2018\",\"breadcrumb\":{\"@id\":\"https:\\\/\\\/www.olmar.com\\\/es\\\/el-airbus-a350-aterriza-en-espana\\\/#breadcrumb\"},\"inLanguage\":\"es\",\"potentialAction\":[{\"@type\":\"ReadAction\",\"target\":[\"https:\\\/\\\/www.olmar.com\\\/es\\\/el-airbus-a350-aterriza-en-espana\\\/\"]}]},{\"@type\":\"ImageObject\",\"inLanguage\":\"es\",\"@id\":\"https:\\\/\\\/www.olmar.com\\\/es\\\/el-airbus-a350-aterriza-en-espana\\\/#primaryimage\",\"url\":\"https:\\\/\\\/www.olmar.com\\\/wp-content\\\/uploads\\\/2015\\\/02\\\/AirbusA350aterrizaEspana.jpg\",\"contentUrl\":\"https:\\\/\\\/www.olmar.com\\\/wp-content\\\/uploads\\\/2015\\\/02\\\/AirbusA350aterrizaEspana.jpg\",\"width\":200,\"height\":200},{\"@type\":\"BreadcrumbList\",\"@id\":\"https:\\\/\\\/www.olmar.com\\\/es\\\/el-airbus-a350-aterriza-en-espana\\\/#breadcrumb\",\"itemListElement\":[{\"@type\":\"ListItem\",\"position\":1,\"name\":\"Home\",\"item\":\"https:\\\/\\\/www.olmar.com\\\/es\\\/\"},{\"@type\":\"ListItem\",\"position\":2,\"name\":\"EL AIRBUS A350 ATERRIZA EN ESPA\u00d1A\"}]},{\"@type\":\"WebSite\",\"@id\":\"https:\\\/\\\/www.olmar.com\\\/es\\\/#website\",\"url\":\"https:\\\/\\\/www.olmar.com\\\/es\\\/\",\"name\":\"Olmar\",\"description\":\"Just another WordPress site\",\"potentialAction\":[{\"@type\":\"SearchAction\",\"target\":{\"@type\":\"EntryPoint\",\"urlTemplate\":\"https:\\\/\\\/www.olmar.com\\\/es\\\/?s={search_term_string}\"},\"query-input\":{\"@type\":\"PropertyValueSpecification\",\"valueRequired\":true,\"valueName\":\"search_term_string\"}}],\"inLanguage\":\"es\"},{\"@type\":\"Person\",\"@id\":\"https:\\\/\\\/www.olmar.com\\\/es\\\/#\\\/schema\\\/person\\\/1e3a9ace6046a05104258f3aead578f6\",\"name\":\"Olmar Test\",\"image\":{\"@type\":\"ImageObject\",\"inLanguage\":\"es\",\"@id\":\"https:\\\/\\\/secure.gravatar.com\\\/avatar\\\/7edcc658275cc7dbfe29928119393b8b62d949bd8602dc4255aae63156a2be37?s=96&d=mm&r=g\",\"url\":\"https:\\\/\\\/secure.gravatar.com\\\/avatar\\\/7edcc658275cc7dbfe29928119393b8b62d949bd8602dc4255aae63156a2be37?s=96&d=mm&r=g\",\"contentUrl\":\"https:\\\/\\\/secure.gravatar.com\\\/avatar\\\/7edcc658275cc7dbfe29928119393b8b62d949bd8602dc4255aae63156a2be37?s=96&d=mm&r=g\",\"caption\":\"Olmar Test\"}}]}<\/script>\n<!-- \/ Yoast SEO plugin. -->","yoast_head_json":{"title":"EL AIRBUS A350 ATERRIZA EN ESPA\u00d1A - Olmar","description":"El AIRBUS A350 es el elegido por Iberia para la renovaci\u00f3n de su flota en 2018","robots":{"index":"index","follow":"follow","max-snippet":"max-snippet:-1","max-image-preview":"max-image-preview:large","max-video-preview":"max-video-preview:-1"},"canonical":"https:\/\/www.olmar.com\/es\/el-airbus-a350-aterriza-en-espana\/","og_locale":"es_ES","og_type":"article","og_title":"EL AIRBUS A350 ATERRIZA EN ESPA\u00d1A - Olmar","og_description":"El AIRBUS A350 es el elegido por Iberia para la renovaci\u00f3n de su flota en 2018","og_url":"https:\/\/www.olmar.com\/es\/el-airbus-a350-aterriza-en-espana\/","og_site_name":"Olmar","article_published_time":"2015-02-23T10:46:45+00:00","article_modified_time":"2025-01-15T08:48:57+00:00","og_image":[{"width":200,"height":200,"url":"https:\/\/www.olmar.com\/wp-content\/uploads\/2015\/02\/AirbusA350aterrizaEspana.jpg","type":"image\/jpeg"}],"author":"Olmar Test","twitter_card":"summary_large_image","twitter_misc":{"Escrito por":"Olmar Test","Tiempo de lectura":"2 minutos"},"schema":{"@context":"https:\/\/schema.org","@graph":[{"@type":"Article","@id":"https:\/\/www.olmar.com\/es\/el-airbus-a350-aterriza-en-espana\/#article","isPartOf":{"@id":"https:\/\/www.olmar.com\/es\/el-airbus-a350-aterriza-en-espana\/"},"author":{"name":"Olmar Test","@id":"https:\/\/www.olmar.com\/es\/#\/schema\/person\/1e3a9ace6046a05104258f3aead578f6"},"headline":"EL AIRBUS A350 ATERRIZA EN ESPA\u00d1A","datePublished":"2015-02-23T10:46:45+00:00","dateModified":"2025-01-15T08:48:57+00:00","mainEntityOfPage":{"@id":"https:\/\/www.olmar.com\/es\/el-airbus-a350-aterriza-en-espana\/"},"wordCount":261,"commentCount":0,"image":{"@id":"https:\/\/www.olmar.com\/es\/el-airbus-a350-aterriza-en-espana\/#primaryimage"},"thumbnailUrl":"https:\/\/www.olmar.com\/wp-content\/uploads\/2015\/02\/AirbusA350aterrizaEspana.jpg","articleSection":["es"],"inLanguage":"es","potentialAction":[{"@type":"CommentAction","name":"Comment","target":["https:\/\/www.olmar.com\/es\/el-airbus-a350-aterriza-en-espana\/#respond"]}]},{"@type":"WebPage","@id":"https:\/\/www.olmar.com\/es\/el-airbus-a350-aterriza-en-espana\/","url":"https:\/\/www.olmar.com\/es\/el-airbus-a350-aterriza-en-espana\/","name":"EL AIRBUS A350 ATERRIZA EN ESPA\u00d1A - Olmar","isPartOf":{"@id":"https:\/\/www.olmar.com\/es\/#website"},"primaryImageOfPage":{"@id":"https:\/\/www.olmar.com\/es\/el-airbus-a350-aterriza-en-espana\/#primaryimage"},"image":{"@id":"https:\/\/www.olmar.com\/es\/el-airbus-a350-aterriza-en-espana\/#primaryimage"},"thumbnailUrl":"https:\/\/www.olmar.com\/wp-content\/uploads\/2015\/02\/AirbusA350aterrizaEspana.jpg","datePublished":"2015-02-23T10:46:45+00:00","dateModified":"2025-01-15T08:48:57+00:00","author":{"@id":"https:\/\/www.olmar.com\/es\/#\/schema\/person\/1e3a9ace6046a05104258f3aead578f6"},"description":"El AIRBUS A350 es el elegido por Iberia para la renovaci\u00f3n de su flota en 2018","breadcrumb":{"@id":"https:\/\/www.olmar.com\/es\/el-airbus-a350-aterriza-en-espana\/#breadcrumb"},"inLanguage":"es","potentialAction":[{"@type":"ReadAction","target":["https:\/\/www.olmar.com\/es\/el-airbus-a350-aterriza-en-espana\/"]}]},{"@type":"ImageObject","inLanguage":"es","@id":"https:\/\/www.olmar.com\/es\/el-airbus-a350-aterriza-en-espana\/#primaryimage","url":"https:\/\/www.olmar.com\/wp-content\/uploads\/2015\/02\/AirbusA350aterrizaEspana.jpg","contentUrl":"https:\/\/www.olmar.com\/wp-content\/uploads\/2015\/02\/AirbusA350aterrizaEspana.jpg","width":200,"height":200},{"@type":"BreadcrumbList","@id":"https:\/\/www.olmar.com\/es\/el-airbus-a350-aterriza-en-espana\/#breadcrumb","itemListElement":[{"@type":"ListItem","position":1,"name":"Home","item":"https:\/\/www.olmar.com\/es\/"},{"@type":"ListItem","position":2,"name":"EL AIRBUS A350 ATERRIZA EN ESPA\u00d1A"}]},{"@type":"WebSite","@id":"https:\/\/www.olmar.com\/es\/#website","url":"https:\/\/www.olmar.com\/es\/","name":"Olmar","description":"Just another WordPress site","potentialAction":[{"@type":"SearchAction","target":{"@type":"EntryPoint","urlTemplate":"https:\/\/www.olmar.com\/es\/?s={search_term_string}"},"query-input":{"@type":"PropertyValueSpecification","valueRequired":true,"valueName":"search_term_string"}}],"inLanguage":"es"},{"@type":"Person","@id":"https:\/\/www.olmar.com\/es\/#\/schema\/person\/1e3a9ace6046a05104258f3aead578f6","name":"Olmar Test","image":{"@type":"ImageObject","inLanguage":"es","@id":"https:\/\/secure.gravatar.com\/avatar\/7edcc658275cc7dbfe29928119393b8b62d949bd8602dc4255aae63156a2be37?s=96&d=mm&r=g","url":"https:\/\/secure.gravatar.com\/avatar\/7edcc658275cc7dbfe29928119393b8b62d949bd8602dc4255aae63156a2be37?s=96&d=mm&r=g","contentUrl":"https:\/\/secure.gravatar.com\/avatar\/7edcc658275cc7dbfe29928119393b8b62d949bd8602dc4255aae63156a2be37?s=96&d=mm&r=g","caption":"Olmar Test"}}]}},"_links":{"self":[{"href":"https:\/\/www.olmar.com\/es\/wp-json\/wp\/v2\/posts\/289950","targetHints":{"allow":["GET"]}}],"collection":[{"href":"https:\/\/www.olmar.com\/es\/wp-json\/wp\/v2\/posts"}],"about":[{"href":"https:\/\/www.olmar.com\/es\/wp-json\/wp\/v2\/types\/post"}],"author":[{"embeddable":true,"href":"https:\/\/www.olmar.com\/es\/wp-json\/wp\/v2\/users\/2"}],"replies":[{"embeddable":true,"href":"https:\/\/www.olmar.com\/es\/wp-json\/wp\/v2\/comments?post=289950"}],"version-history":[{"count":0,"href":"https:\/\/www.olmar.com\/es\/wp-json\/wp\/v2\/posts\/289950\/revisions"}],"wp:featuredmedia":[{"embeddable":true,"href":"https:\/\/www.olmar.com\/es\/wp-json\/wp\/v2\/media\/255362"}],"wp:attachment":[{"href":"https:\/\/www.olmar.com\/es\/wp-json\/wp\/v2\/media?parent=289950"}],"wp:term":[{"taxonomy":"category","embeddable":true,"href":"https:\/\/www.olmar.com\/es\/wp-json\/wp\/v2\/categories?post=289950"},{"taxonomy":"post_tag","embeddable":true,"href":"https:\/\/www.olmar.com\/es\/wp-json\/wp\/v2\/tags?post=289950"}],"curies":[{"name":"wp","href":"https:\/\/api.w.org\/{rel}","templated":true}]}}