{"id":267647,"date":"2023-03-15T18:11:43","date_gmt":"2023-03-15T16:11:43","guid":{"rendered":"https:\/\/www.olmar.com\/?p=267647"},"modified":"2025-03-31T15:52:34","modified_gmt":"2025-03-31T15:52:34","slug":"el-autoclave-del-futuro","status":"publish","type":"post","link":"https:\/\/www.olmar.com\/es\/el-autoclave-del-futuro\/","title":{"rendered":"El autoclave del futuro"},"content":{"rendered":"<p><span style=\"vertical-align: inherit;\"><span style=\"vertical-align: inherit;\"><span style=\"vertical-align: inherit;\"><span style=\"vertical-align: inherit;\"><span style=\"vertical-align: inherit;\"><span style=\"vertical-align: inherit;\">La capacidad de mejora que nos ofrecen los avances tecnol\u00f3gicos nos lleva siempre a intentar ir cada vez un poco m\u00e1s all\u00e1, a buscar con cada mejora el siguiente nivel y desafiar el horizonte de perfecci\u00f3n que trabajamos para alcanzar.<\/span><\/span><\/span><\/span><\/span><\/span><\/p>\n<p><span style=\"vertical-align: inherit;\"><span style=\"vertical-align: inherit;\"><span style=\"vertical-align: inherit;\"><span style=\"vertical-align: inherit;\"><span style=\"vertical-align: inherit;\"><span style=\"vertical-align: inherit;\">Hoy en d\u00eda, este desaf\u00edo de la tecnolog\u00eda pasa por conseguir resultados que encajen dentro del marco de la sostenibilidad. <\/span><\/span><\/span><\/span><\/span><span style=\"vertical-align: inherit;\"><span style=\"vertical-align: inherit;\"><span style=\"vertical-align: inherit;\"><span style=\"vertical-align: inherit;\"><span style=\"vertical-align: inherit;\">Tambi\u00e9n en la industria de automatizaci\u00f3n de procesos de fabricaci\u00f3n de alta tecnolog\u00eda en la que Olmar se desenvuelve, centrada en el tratamiento de la fibra de carbono a trav\u00e9s de su l\u00ednea de autoclaves para composites.<\/span><\/span><\/span><\/span><\/span><\/span><\/p>\n<p><span style=\"vertical-align: inherit;\"><span style=\"vertical-align: inherit;\"><span style=\"vertical-align: inherit;\"><span style=\"vertical-align: inherit;\">Con el objetivo de continuar ofreciendo soluciones a las necesidades del presente sin comprometer las necesidades del futuro, Olmar forma parte del proyecto ROBOCOMP. <\/span><\/span><\/span><span style=\"vertical-align: inherit;\"><span style=\"vertical-align: inherit;\"><span style=\"vertical-align: inherit;\">Esta iniciativa investiga tecnolog\u00edas de automatizaci\u00f3n y rob\u00f3tica con las que aceleran y optimizan los procesos de fabricaci\u00f3n de componentes fabricados en materiales compuestos (composites) para aeronaves.<\/span><\/span><\/span><\/span><\/p>\n<h2><strong><span style=\"vertical-align: inherit;\"><span style=\"vertical-align: inherit;\"><span style=\"vertical-align: inherit;\"><span style=\"vertical-align: inherit;\">Robocomp, la inteligencia aeron\u00e1utica al servicio de la sostenibilidad<\/span><\/span><\/span><\/span><\/strong><\/h2>\n<p><span style=\"vertical-align: inherit;\"><span style=\"vertical-align: inherit;\"><span style=\"vertical-align: inherit;\"><span style=\"vertical-align: inherit;\">El proyecto ROBOCOMP est\u00e1 subvencionado por el <\/span><\/span><\/span><\/span><a href=\"https:\/\/sede.cdti.gob.es\/AreaPublica\/home.aspx\"><span style=\"vertical-align: inherit;\"><span style=\"vertical-align: inherit;\"><span style=\"vertical-align: inherit;\"><span style=\"vertical-align: inherit;\">CDTI<\/span><\/span><\/span><\/span><\/a><span style=\"vertical-align: inherit;\"><span style=\"vertical-align: inherit;\"><span style=\"vertical-align: inherit;\"><span style=\"vertical-align: inherit;\"> y tiene como meta <\/span><\/span><\/span><\/span><strong><span style=\"vertical-align: inherit;\"><span style=\"vertical-align: inherit;\"><span style=\"vertical-align: inherit;\"><span style=\"vertical-align: inherit;\">reducir las emisiones en la fabricaci\u00f3n de materiales compuestos<\/span><\/span><\/span><\/span><\/strong><span style=\"vertical-align: inherit;\"><span style=\"vertical-align: inherit;\"><span style=\"vertical-align: inherit;\"><span style=\"vertical-align: inherit;\"> mediante la automatizaci\u00f3n y robotizaci\u00f3n de procesos que actualmente siguen siendo manuales.<\/span><\/span><\/span><\/span><\/p>\n<p><span style=\"vertical-align: inherit;\"><span style=\"vertical-align: inherit;\"><span style=\"vertical-align: inherit;\"><span style=\"vertical-align: inherit;\">Esta iniciativa intentar\u00e1 combinar los avances en la fabricaci\u00f3n inteligente y avanzada con la digitalizaci\u00f3n propia del sector aeron\u00e1utico desde una <\/span><\/span><\/span><\/span><strong><span style=\"vertical-align: inherit;\"><span style=\"vertical-align: inherit;\"><span style=\"vertical-align: inherit;\"><span style=\"vertical-align: inherit;\">perspectiva sostenible<\/span><\/span><\/span><\/span><\/strong><span style=\"vertical-align: inherit;\"><span style=\"vertical-align: inherit;\"><span style=\"vertical-align: inherit;\"><span style=\"vertical-align: inherit;\"> que ayude al <\/span><\/span><\/span><\/span><strong><span style=\"vertical-align: inherit;\"><span style=\"vertical-align: inherit;\"><span style=\"vertical-align: inherit;\"><span style=\"vertical-align: inherit;\">mantenimiento y mejora del medioambiente<\/span><\/span><\/span><\/span><\/strong><span style=\"vertical-align: inherit;\"><span style=\"vertical-align: inherit;\"><span style=\"vertical-align: inherit;\"><span style=\"vertical-align: inherit;\"> .<\/span><\/span><\/span><\/span><\/p>\n<h3><strong><span style=\"vertical-align: inherit;\"><span style=\"vertical-align: inherit;\"><span style=\"vertical-align: inherit;\"><span style=\"vertical-align: inherit;\">Pruebas E2E, la automatizaci\u00f3n inteligente<\/span><\/span><\/span><\/span><\/strong><\/h3>\n<p><span style=\"vertical-align: inherit;\"><span style=\"vertical-align: inherit;\"><span style=\"vertical-align: inherit;\"><span style=\"vertical-align: inherit;\">Para asegurar la culminaci\u00f3n del proyecto Robocomp, durante su ejecuci\u00f3n se pondr\u00e1 en pr\u00e1ctica el concepto de <\/span><\/span><\/span><\/span><strong><span style=\"vertical-align: inherit;\"><span style=\"vertical-align: inherit;\"><span style=\"vertical-align: inherit;\"><span style=\"vertical-align: inherit;\">automatizaci\u00f3n E2E<\/span><\/span><\/span><\/span><\/strong><span style=\"vertical-align: inherit;\"><span style=\"vertical-align: inherit;\"><span style=\"vertical-align: inherit;\"><span style=\"vertical-align: inherit;\"> (End to End) de una manera completamente sensorizada e interconectada. <\/span><\/span><\/span><span style=\"vertical-align: inherit;\"><span style=\"vertical-align: inherit;\"><span style=\"vertical-align: inherit;\">Esta automatizaci\u00f3n se focalizar\u00e1 sobre todo en estos tres componentes indispensables: el estabilizador multilarguero, el revestimiento inferior del ala y la secci\u00f3n 6 del fuselaje trasero.<\/span><\/span><\/span><\/span><\/p>\n<p><span style=\"vertical-align: inherit;\"><span style=\"vertical-align: inherit;\"><span style=\"vertical-align: inherit;\"><span style=\"vertical-align: inherit;\">La implementacion de este nuevo metodo tiene como <\/span><\/span><\/span><\/span><strong><span style=\"vertical-align: inherit;\"><span style=\"vertical-align: inherit;\"><span style=\"vertical-align: inherit;\"><span style=\"vertical-align: inherit;\">objetivo multiplicar por diez el ritmo de fabricacion de aeronaves<\/span><\/span><\/span><\/span><\/strong><span style=\"vertical-align: inherit;\"><span style=\"vertical-align: inherit;\"><span style=\"vertical-align: inherit;\"><span style=\"vertical-align: inherit;\"> al mes. <\/span><\/span><\/span><span style=\"vertical-align: inherit;\"><span style=\"vertical-align: inherit;\"><span style=\"vertical-align: inherit;\">Actualmente existe una amplia diferencia entre el ritmo de producci\u00f3n de las aeronaves con el sistema actual (con una relaci\u00f3n de fabricaci\u00f3n de 10 aeronaves al mes) frente a una futura fabricaci\u00f3n totalmente automatizada <\/span><\/span><\/span><\/span><strong><span style=\"vertical-align: inherit;\"><span style=\"vertical-align: inherit;\"><span style=\"vertical-align: inherit;\"><span style=\"vertical-align: inherit;\">podr\u00e1<\/span><\/span><\/span><\/span><\/strong><span style=\"vertical-align: inherit;\"><span style=\"vertical-align: inherit;\"><span style=\"vertical-align: inherit;\"><span style=\"vertical-align: inherit;\"> llegar a mantener un ritmo de fabricaci\u00f3n de 100 aeronaves mensuales.<\/span><\/span><\/span><\/span><\/p>\n<p><span style=\"vertical-align: inherit;\"><span style=\"vertical-align: inherit;\"><span style=\"vertical-align: inherit;\"><span style=\"vertical-align: inherit;\">Gracias a la automatizaci\u00f3n E2E podremos minimizar esa diferencia en el ritmo de producci\u00f3n que podemos realizar actualmente con las tecnolog\u00edas y procesos de fabricaci\u00f3n actuales.<\/span><\/span><\/span><\/span><\/p>\n<p><span style=\"vertical-align: inherit;\"><span style=\"vertical-align: inherit;\"><span style=\"vertical-align: inherit;\"><span style=\"vertical-align: inherit;\">Para conseguirlo, debemos primero alcanzar las siguientes metas:<\/span><\/span><\/span><\/span><\/p>\n<ul>\n<li><strong><span style=\"vertical-align: inherit;\"><span style=\"vertical-align: inherit;\"><span style=\"vertical-align: inherit;\"><span style=\"vertical-align: inherit;\"><span style=\"vertical-align: inherit;\"><span style=\"vertical-align: inherit;\">Automatizar los procesos de fabricacion<\/span><\/span><\/span><\/span><\/span><\/span><\/strong><span style=\"vertical-align: inherit;\"><span style=\"vertical-align: inherit;\"><span style=\"vertical-align: inherit;\"><span style=\"vertical-align: inherit;\"><span style=\"vertical-align: inherit;\"><span style=\"vertical-align: inherit;\"> de los principales componentes fabricados en Espa\u00f1a para aumentar sus cadencias.<\/span><\/span><\/span><\/span><\/span><\/span><\/li>\n<li><strong><span style=\"vertical-align: inherit;\"><span style=\"vertical-align: inherit;\"><span style=\"vertical-align: inherit;\"><span style=\"vertical-align: inherit;\"><span style=\"vertical-align: inherit;\"><span style=\"vertical-align: inherit;\">Reducir el coste unitario de producci\u00f3n<\/span><\/span><\/span><\/span><\/span><\/span><\/strong><span style=\"vertical-align: inherit;\"><span style=\"vertical-align: inherit;\"><span style=\"vertical-align: inherit;\"><span style=\"vertical-align: inherit;\"><span style=\"vertical-align: inherit;\"><span style=\"vertical-align: inherit;\"> y disminuir las horas de fabricaci\u00f3n. <\/span><\/span><\/span><\/span><\/span><span style=\"vertical-align: inherit;\"><span style=\"vertical-align: inherit;\"><span style=\"vertical-align: inherit;\"><span style=\"vertical-align: inherit;\"><span style=\"vertical-align: inherit;\">Gracias a la automatizaci\u00f3n de las tareas manuales abordadas en el proyecto ROBOCOMP podremos optimizar la l\u00ednea industrial y as\u00ed reducir tanto los como los precios.<\/span><\/span><\/span><\/span><\/span><\/span><\/li>\n<li><span style=\"vertical-align: inherit;\"><span style=\"vertical-align: inherit;\"><span style=\"vertical-align: inherit;\"><span style=\"vertical-align: inherit;\"><span style=\"vertical-align: inherit;\"><span style=\"vertical-align: inherit;\">Avanzar hacia la sostenibilidad con la <\/span><\/span><\/span><\/span><\/span><\/span><strong><span style=\"vertical-align: inherit;\"><span style=\"vertical-align: inherit;\"><span style=\"vertical-align: inherit;\"><span style=\"vertical-align: inherit;\"><span style=\"vertical-align: inherit;\"><span style=\"vertical-align: inherit;\">fabricaci\u00f3n en fibra de carbono.<\/span><\/span><\/span><\/span><\/span><\/span><\/strong><\/li>\n<li><span style=\"vertical-align: inherit;\"><span style=\"vertical-align: inherit;\"><span style=\"vertical-align: inherit;\"><span style=\"vertical-align: inherit;\"><span style=\"vertical-align: inherit;\"><span style=\"vertical-align: inherit;\">Aumentar las <\/span><\/span><\/span><\/span><\/span><\/span><strong><span style=\"vertical-align: inherit;\"><span style=\"vertical-align: inherit;\"><span style=\"vertical-align: inherit;\"><span style=\"vertical-align: inherit;\"><span style=\"vertical-align: inherit;\"><span style=\"vertical-align: inherit;\">tecnolog\u00edas de automatizaci\u00f3n en toda la fabricaci\u00f3n de la cadena de valor<\/span><\/span><\/span><\/span><\/span><\/span><\/strong><span style=\"vertical-align: inherit;\"><span style=\"vertical-align: inherit;\"><span style=\"vertical-align: inherit;\"><span style=\"vertical-align: inherit;\"><span style=\"vertical-align: inherit;\"><span style=\"vertical-align: inherit;\"> del ecosistema industrial espa\u00f1ol.<\/span><\/span><\/span><\/span><\/span><\/span><\/li>\n<li><strong><span style=\"vertical-align: inherit;\"><span style=\"vertical-align: inherit;\"><span style=\"vertical-align: inherit;\"><span style=\"vertical-align: inherit;\"><span style=\"vertical-align: inherit;\"><span style=\"vertical-align: inherit;\">Interconectar los medios de fabricacion<\/span><\/span><\/span><\/span><\/span><\/span><\/strong><span style=\"vertical-align: inherit;\"><span style=\"vertical-align: inherit;\"><span style=\"vertical-align: inherit;\"><span style=\"vertical-align: inherit;\"><span style=\"vertical-align: inherit;\"><span style=\"vertical-align: inherit;\"> para que proporcionen datos en tiempo real de los procesos de fabricacion.<\/span><\/span><\/span><\/span><\/span><\/span><\/li>\n<\/ul>\n<h2><strong><span style=\"vertical-align: inherit;\"><span style=\"vertical-align: inherit;\"><span style=\"vertical-align: inherit;\"><span style=\"vertical-align: inherit;\"><span style=\"vertical-align: inherit;\"><span style=\"vertical-align: inherit;\">ROBOTNIK Y OLMAR juntos en este proyecto<\/span><\/span><\/span><\/span><\/span><\/span><\/strong><\/h2>\n<p><span style=\"vertical-align: inherit;\"><span style=\"vertical-align: inherit;\"><span style=\"vertical-align: inherit;\"><span style=\"vertical-align: inherit;\"><span style=\"vertical-align: inherit;\"><span style=\"vertical-align: inherit;\">Una de las compa\u00f1\u00edas implicadas en este proyecto es <\/span><\/span><\/span><\/span><\/span><\/span><a href=\"https:\/\/robotnik.eu\/es\/\"><span style=\"vertical-align: inherit;\"><span style=\"vertical-align: inherit;\"><span style=\"vertical-align: inherit;\"><span style=\"vertical-align: inherit;\"><span style=\"vertical-align: inherit;\"><span style=\"vertical-align: inherit;\">Robotnik<\/span><\/span><\/span><\/span><\/span><\/span><\/a><span style=\"vertical-align: inherit;\"><span style=\"vertical-align: inherit;\"><span style=\"vertical-align: inherit;\"><span style=\"vertical-align: inherit;\"><span style=\"vertical-align: inherit;\"><span style=\"vertical-align: inherit;\"> , empresa l\u00edder en rob\u00f3tica y manipulaci\u00f3n m\u00f3vil, investiga y trabaja en el desarrollo de robots y manipuladores m\u00f3viles de prop\u00f3sito general que se adecue a los procesos de fabricaci\u00f3n aut\u00f3nomos y operaciones sobre grandes piezas.<\/span><\/span><\/span><\/span><\/span><\/span><\/p>\n<p><span style=\"vertical-align: inherit;\"><span style=\"vertical-align: inherit;\"><span style=\"vertical-align: inherit;\"><span style=\"vertical-align: inherit;\"><span style=\"vertical-align: inherit;\"><span style=\"vertical-align: inherit;\">Para ello, Robotnik se especializa en la <\/span><\/span><\/span><\/span><\/span><\/span><strong><span style=\"vertical-align: inherit;\"><span style=\"vertical-align: inherit;\"><span style=\"vertical-align: inherit;\"><span style=\"vertical-align: inherit;\"><span style=\"vertical-align: inherit;\"><span style=\"vertical-align: inherit;\">investigaci\u00f3n y desarrollo (I+D)<\/span><\/span><\/span><\/span><\/span><\/span><\/strong><span style=\"vertical-align: inherit;\"><span style=\"vertical-align: inherit;\"><span style=\"vertical-align: inherit;\"><span style=\"vertical-align: inherit;\"><span style=\"vertical-align: inherit;\"><span style=\"vertical-align: inherit;\"> de: la mecatr\u00f3nica del manipulador m\u00f3vil de rango y carga extendida, los sistemas de herramientas estandarizados a nivel de conexi\u00f3n y datos, y en soluciones de alimentaci\u00f3n de bater\u00eda en modo pecado parar<\/span><\/span><\/span><\/span><\/span><\/span><\/p>\n<p><span style=\"vertical-align: inherit;\"><span style=\"vertical-align: inherit;\"><span style=\"vertical-align: inherit;\"><span style=\"vertical-align: inherit;\"><span style=\"vertical-align: inherit;\"><span style=\"vertical-align: inherit;\">Robotnik dise\u00f1a tambi\u00e9n soluciones de posicionamiento de robot y reposicionamiento de elementos, habilitando operaciones sobre grandes piezas sin necesidad de costosos sistemas de localizaci\u00f3n absoluta de alta precisi\u00f3n. <\/span><\/span><\/span><\/span><\/span><span style=\"vertical-align: inherit;\"><span style=\"vertical-align: inherit;\"><span style=\"vertical-align: inherit;\"><span style=\"vertical-align: inherit;\"><span style=\"vertical-align: inherit;\">La compa\u00f1\u00eda tambi\u00e9n investiga en tecnolog\u00edas en la nube (cloud\/Edge) para la descarga de computaci\u00f3n a trav\u00e9s de la red, compartici\u00f3n de datos y soporte de seguridad para uso industrial. <\/span><\/span><\/span><\/span><\/span><span style=\"vertical-align: inherit;\"><span style=\"vertical-align: inherit;\"><span style=\"vertical-align: inherit;\"><span style=\"vertical-align: inherit;\"><span style=\"vertical-align: inherit;\">Adem\u00e1s analiza las posibilidades de la tecnolog\u00eda para permitir la conexi\u00f3n, monitorizaci\u00f3n, supervisi\u00f3n e interfaz de robots en la nube\/borde con las condiciones de ciberseguridad requeridas para su uso industrial.<\/span><\/span><\/span><\/span><\/span><\/span><\/p>\n<p><span style=\"vertical-align: inherit;\"><span style=\"vertical-align: inherit;\"><span style=\"vertical-align: inherit;\"><span style=\"vertical-align: inherit;\">Esta compa\u00f1\u00eda forma parte de United Robotics Group, un grupo empresarial consolidado como empresa europea de referencia en rob\u00f3tica m\u00f3vil de servicio. <\/span><\/span><\/span><span style=\"vertical-align: inherit;\"><span style=\"vertical-align: inherit;\"><span style=\"vertical-align: inherit;\">Esta colaboraci\u00f3n supone sin duda un <\/span><\/span><\/span><\/span><strong><span style=\"vertical-align: inherit;\"><span style=\"vertical-align: inherit;\"><span style=\"vertical-align: inherit;\"><span style=\"vertical-align: inherit;\">paso adelante para las operaciones internacionales de Olmar<\/span><\/span><\/span><\/span><\/strong><span style=\"vertical-align: inherit;\"><span style=\"vertical-align: inherit;\"><span style=\"vertical-align: inherit;\"><span style=\"vertical-align: inherit;\"> y un avance en la b\u00fasqueda de innovaci\u00f3n y excelencia que caracteriza a la compa\u00f1\u00eda.<\/span><\/span><\/span><\/span><\/p>\n","protected":false},"excerpt":{"rendered":"<p>La capacidad de mejora que nos ofrecen los avances tecnol\u00f3gicos nos lleva siempre a intentar ir cada vez un poco m\u00e1s all\u00e1, a buscar con cada mejora el siguiente nivel y desafiar el horizonte de perfecci\u00f3n que trabajamos para alcanzar. Hoy en d\u00eda, este desaf\u00edo de la tecnolog\u00eda pasa por conseguir resultados que encajen dentro [&hellip;]<\/p>\n","protected":false},"author":2,"featured_media":267655,"comment_status":"open","ping_status":"open","sticky":false,"template":"","format":"standard","meta":{"footnotes":""},"categories":[12],"tags":[],"class_list":["post-267647","post","type-post","status-publish","format-standard","has-post-thumbnail","hentry","category-es"],"yoast_head":"<!-- This site is optimized with the Yoast SEO plugin v27.4 - https:\/\/yoast.com\/product\/yoast-seo-wordpress\/ -->\n<title>El autoclave del futuro - Olmar<\/title>\n<meta name=\"description\" content=\"Esta iniciativa intentar\u00e1 combinar los avances en la fabricaci\u00f3n inteligente y avanzada con la digitalizaci\u00f3n propia del sector aeron\u00e1utico desde una perspectiva sostenible que ayude al mantenimiento y mejora del medioambiente .\" \/>\n<meta name=\"robots\" content=\"index, follow, max-snippet:-1, max-image-preview:large, max-video-preview:-1\" \/>\n<link rel=\"canonical\" href=\"https:\/\/www.olmar.com\/es\/el-autoclave-del-futuro\/\" \/>\n<meta property=\"og:locale\" content=\"es_ES\" \/>\n<meta property=\"og:type\" content=\"article\" \/>\n<meta property=\"og:title\" content=\"El autoclave del futuro - Olmar\" \/>\n<meta property=\"og:description\" content=\"Esta iniciativa intentar\u00e1 combinar los avances en la fabricaci\u00f3n inteligente y avanzada con la digitalizaci\u00f3n propia del sector aeron\u00e1utico desde una perspectiva sostenible que ayude al mantenimiento y mejora del medioambiente .\" \/>\n<meta property=\"og:url\" content=\"https:\/\/www.olmar.com\/es\/el-autoclave-del-futuro\/\" \/>\n<meta property=\"og:site_name\" content=\"Olmar\" \/>\n<meta property=\"article:published_time\" content=\"2023-03-15T16:11:43+00:00\" \/>\n<meta property=\"article:modified_time\" content=\"2025-03-31T15:52:34+00:00\" \/>\n<meta property=\"og:image\" content=\"https:\/\/www.olmar.com\/wp-content\/uploads\/2023\/03\/PORTADA-a320.webp\" \/>\n\t<meta property=\"og:image:width\" content=\"1080\" \/>\n\t<meta property=\"og:image:height\" content=\"1080\" \/>\n\t<meta property=\"og:image:type\" content=\"image\/webp\" \/>\n<meta name=\"author\" content=\"Olmar Test\" \/>\n<meta name=\"twitter:card\" content=\"summary_large_image\" \/>\n<meta name=\"twitter:label1\" content=\"Escrito por\" \/>\n\t<meta name=\"twitter:data1\" content=\"Olmar Test\" \/>\n\t<meta name=\"twitter:label2\" content=\"Tiempo de lectura\" \/>\n\t<meta name=\"twitter:data2\" content=\"4 minutos\" \/>\n<script type=\"application\/ld+json\" class=\"yoast-schema-graph\">{\"@context\":\"https:\\\/\\\/schema.org\",\"@graph\":[{\"@type\":\"Article\",\"@id\":\"https:\\\/\\\/www.olmar.com\\\/es\\\/el-autoclave-del-futuro\\\/#article\",\"isPartOf\":{\"@id\":\"https:\\\/\\\/www.olmar.com\\\/es\\\/el-autoclave-del-futuro\\\/\"},\"author\":{\"name\":\"Olmar Test\",\"@id\":\"https:\\\/\\\/www.olmar.com\\\/es\\\/#\\\/schema\\\/person\\\/1e3a9ace6046a05104258f3aead578f6\"},\"headline\":\"El autoclave del futuro\",\"datePublished\":\"2023-03-15T16:11:43+00:00\",\"dateModified\":\"2025-03-31T15:52:34+00:00\",\"mainEntityOfPage\":{\"@id\":\"https:\\\/\\\/www.olmar.com\\\/es\\\/el-autoclave-del-futuro\\\/\"},\"wordCount\":809,\"commentCount\":0,\"image\":{\"@id\":\"https:\\\/\\\/www.olmar.com\\\/es\\\/el-autoclave-del-futuro\\\/#primaryimage\"},\"thumbnailUrl\":\"https:\\\/\\\/www.olmar.com\\\/wp-content\\\/uploads\\\/2023\\\/03\\\/PORTADA-a320.webp\",\"articleSection\":[\"es\"],\"inLanguage\":\"es\",\"potentialAction\":[{\"@type\":\"CommentAction\",\"name\":\"Comment\",\"target\":[\"https:\\\/\\\/www.olmar.com\\\/es\\\/el-autoclave-del-futuro\\\/#respond\"]}]},{\"@type\":\"WebPage\",\"@id\":\"https:\\\/\\\/www.olmar.com\\\/es\\\/el-autoclave-del-futuro\\\/\",\"url\":\"https:\\\/\\\/www.olmar.com\\\/es\\\/el-autoclave-del-futuro\\\/\",\"name\":\"El autoclave del futuro - Olmar\",\"isPartOf\":{\"@id\":\"https:\\\/\\\/www.olmar.com\\\/es\\\/#website\"},\"primaryImageOfPage\":{\"@id\":\"https:\\\/\\\/www.olmar.com\\\/es\\\/el-autoclave-del-futuro\\\/#primaryimage\"},\"image\":{\"@id\":\"https:\\\/\\\/www.olmar.com\\\/es\\\/el-autoclave-del-futuro\\\/#primaryimage\"},\"thumbnailUrl\":\"https:\\\/\\\/www.olmar.com\\\/wp-content\\\/uploads\\\/2023\\\/03\\\/PORTADA-a320.webp\",\"datePublished\":\"2023-03-15T16:11:43+00:00\",\"dateModified\":\"2025-03-31T15:52:34+00:00\",\"author\":{\"@id\":\"https:\\\/\\\/www.olmar.com\\\/es\\\/#\\\/schema\\\/person\\\/1e3a9ace6046a05104258f3aead578f6\"},\"description\":\"Esta iniciativa intentar\u00e1 combinar los avances en la fabricaci\u00f3n inteligente y avanzada con la digitalizaci\u00f3n propia del sector aeron\u00e1utico desde una perspectiva sostenible que ayude al mantenimiento y mejora del medioambiente .\",\"breadcrumb\":{\"@id\":\"https:\\\/\\\/www.olmar.com\\\/es\\\/el-autoclave-del-futuro\\\/#breadcrumb\"},\"inLanguage\":\"es\",\"potentialAction\":[{\"@type\":\"ReadAction\",\"target\":[\"https:\\\/\\\/www.olmar.com\\\/es\\\/el-autoclave-del-futuro\\\/\"]}]},{\"@type\":\"ImageObject\",\"inLanguage\":\"es\",\"@id\":\"https:\\\/\\\/www.olmar.com\\\/es\\\/el-autoclave-del-futuro\\\/#primaryimage\",\"url\":\"https:\\\/\\\/www.olmar.com\\\/wp-content\\\/uploads\\\/2023\\\/03\\\/PORTADA-a320.webp\",\"contentUrl\":\"https:\\\/\\\/www.olmar.com\\\/wp-content\\\/uploads\\\/2023\\\/03\\\/PORTADA-a320.webp\",\"width\":1080,\"height\":1080},{\"@type\":\"BreadcrumbList\",\"@id\":\"https:\\\/\\\/www.olmar.com\\\/es\\\/el-autoclave-del-futuro\\\/#breadcrumb\",\"itemListElement\":[{\"@type\":\"ListItem\",\"position\":1,\"name\":\"Home\",\"item\":\"https:\\\/\\\/www.olmar.com\\\/es\\\/\"},{\"@type\":\"ListItem\",\"position\":2,\"name\":\"El autoclave del futuro\"}]},{\"@type\":\"WebSite\",\"@id\":\"https:\\\/\\\/www.olmar.com\\\/es\\\/#website\",\"url\":\"https:\\\/\\\/www.olmar.com\\\/es\\\/\",\"name\":\"Olmar\",\"description\":\"Just another WordPress site\",\"potentialAction\":[{\"@type\":\"SearchAction\",\"target\":{\"@type\":\"EntryPoint\",\"urlTemplate\":\"https:\\\/\\\/www.olmar.com\\\/es\\\/?s={search_term_string}\"},\"query-input\":{\"@type\":\"PropertyValueSpecification\",\"valueRequired\":true,\"valueName\":\"search_term_string\"}}],\"inLanguage\":\"es\"},{\"@type\":\"Person\",\"@id\":\"https:\\\/\\\/www.olmar.com\\\/es\\\/#\\\/schema\\\/person\\\/1e3a9ace6046a05104258f3aead578f6\",\"name\":\"Olmar Test\",\"image\":{\"@type\":\"ImageObject\",\"inLanguage\":\"es\",\"@id\":\"https:\\\/\\\/secure.gravatar.com\\\/avatar\\\/7edcc658275cc7dbfe29928119393b8b62d949bd8602dc4255aae63156a2be37?s=96&d=mm&r=g\",\"url\":\"https:\\\/\\\/secure.gravatar.com\\\/avatar\\\/7edcc658275cc7dbfe29928119393b8b62d949bd8602dc4255aae63156a2be37?s=96&d=mm&r=g\",\"contentUrl\":\"https:\\\/\\\/secure.gravatar.com\\\/avatar\\\/7edcc658275cc7dbfe29928119393b8b62d949bd8602dc4255aae63156a2be37?s=96&d=mm&r=g\",\"caption\":\"Olmar Test\"}}]}<\/script>\n<!-- \/ Yoast SEO plugin. -->","yoast_head_json":{"title":"El autoclave del futuro - Olmar","description":"Esta iniciativa intentar\u00e1 combinar los avances en la fabricaci\u00f3n inteligente y avanzada con la digitalizaci\u00f3n propia del sector aeron\u00e1utico desde una perspectiva sostenible que ayude al mantenimiento y mejora del medioambiente .","robots":{"index":"index","follow":"follow","max-snippet":"max-snippet:-1","max-image-preview":"max-image-preview:large","max-video-preview":"max-video-preview:-1"},"canonical":"https:\/\/www.olmar.com\/es\/el-autoclave-del-futuro\/","og_locale":"es_ES","og_type":"article","og_title":"El autoclave del futuro - Olmar","og_description":"Esta iniciativa intentar\u00e1 combinar los avances en la fabricaci\u00f3n inteligente y avanzada con la digitalizaci\u00f3n propia del sector aeron\u00e1utico desde una perspectiva sostenible que ayude al mantenimiento y mejora del medioambiente .","og_url":"https:\/\/www.olmar.com\/es\/el-autoclave-del-futuro\/","og_site_name":"Olmar","article_published_time":"2023-03-15T16:11:43+00:00","article_modified_time":"2025-03-31T15:52:34+00:00","og_image":[{"width":1080,"height":1080,"url":"https:\/\/www.olmar.com\/wp-content\/uploads\/2023\/03\/PORTADA-a320.webp","type":"image\/webp"}],"author":"Olmar Test","twitter_card":"summary_large_image","twitter_misc":{"Escrito por":"Olmar Test","Tiempo de lectura":"4 minutos"},"schema":{"@context":"https:\/\/schema.org","@graph":[{"@type":"Article","@id":"https:\/\/www.olmar.com\/es\/el-autoclave-del-futuro\/#article","isPartOf":{"@id":"https:\/\/www.olmar.com\/es\/el-autoclave-del-futuro\/"},"author":{"name":"Olmar Test","@id":"https:\/\/www.olmar.com\/es\/#\/schema\/person\/1e3a9ace6046a05104258f3aead578f6"},"headline":"El autoclave del futuro","datePublished":"2023-03-15T16:11:43+00:00","dateModified":"2025-03-31T15:52:34+00:00","mainEntityOfPage":{"@id":"https:\/\/www.olmar.com\/es\/el-autoclave-del-futuro\/"},"wordCount":809,"commentCount":0,"image":{"@id":"https:\/\/www.olmar.com\/es\/el-autoclave-del-futuro\/#primaryimage"},"thumbnailUrl":"https:\/\/www.olmar.com\/wp-content\/uploads\/2023\/03\/PORTADA-a320.webp","articleSection":["es"],"inLanguage":"es","potentialAction":[{"@type":"CommentAction","name":"Comment","target":["https:\/\/www.olmar.com\/es\/el-autoclave-del-futuro\/#respond"]}]},{"@type":"WebPage","@id":"https:\/\/www.olmar.com\/es\/el-autoclave-del-futuro\/","url":"https:\/\/www.olmar.com\/es\/el-autoclave-del-futuro\/","name":"El autoclave del futuro - Olmar","isPartOf":{"@id":"https:\/\/www.olmar.com\/es\/#website"},"primaryImageOfPage":{"@id":"https:\/\/www.olmar.com\/es\/el-autoclave-del-futuro\/#primaryimage"},"image":{"@id":"https:\/\/www.olmar.com\/es\/el-autoclave-del-futuro\/#primaryimage"},"thumbnailUrl":"https:\/\/www.olmar.com\/wp-content\/uploads\/2023\/03\/PORTADA-a320.webp","datePublished":"2023-03-15T16:11:43+00:00","dateModified":"2025-03-31T15:52:34+00:00","author":{"@id":"https:\/\/www.olmar.com\/es\/#\/schema\/person\/1e3a9ace6046a05104258f3aead578f6"},"description":"Esta iniciativa intentar\u00e1 combinar los avances en la fabricaci\u00f3n inteligente y avanzada con la digitalizaci\u00f3n propia del sector aeron\u00e1utico desde una perspectiva sostenible que ayude al mantenimiento y mejora del medioambiente .","breadcrumb":{"@id":"https:\/\/www.olmar.com\/es\/el-autoclave-del-futuro\/#breadcrumb"},"inLanguage":"es","potentialAction":[{"@type":"ReadAction","target":["https:\/\/www.olmar.com\/es\/el-autoclave-del-futuro\/"]}]},{"@type":"ImageObject","inLanguage":"es","@id":"https:\/\/www.olmar.com\/es\/el-autoclave-del-futuro\/#primaryimage","url":"https:\/\/www.olmar.com\/wp-content\/uploads\/2023\/03\/PORTADA-a320.webp","contentUrl":"https:\/\/www.olmar.com\/wp-content\/uploads\/2023\/03\/PORTADA-a320.webp","width":1080,"height":1080},{"@type":"BreadcrumbList","@id":"https:\/\/www.olmar.com\/es\/el-autoclave-del-futuro\/#breadcrumb","itemListElement":[{"@type":"ListItem","position":1,"name":"Home","item":"https:\/\/www.olmar.com\/es\/"},{"@type":"ListItem","position":2,"name":"El autoclave del futuro"}]},{"@type":"WebSite","@id":"https:\/\/www.olmar.com\/es\/#website","url":"https:\/\/www.olmar.com\/es\/","name":"Olmar","description":"Just another WordPress site","potentialAction":[{"@type":"SearchAction","target":{"@type":"EntryPoint","urlTemplate":"https:\/\/www.olmar.com\/es\/?s={search_term_string}"},"query-input":{"@type":"PropertyValueSpecification","valueRequired":true,"valueName":"search_term_string"}}],"inLanguage":"es"},{"@type":"Person","@id":"https:\/\/www.olmar.com\/es\/#\/schema\/person\/1e3a9ace6046a05104258f3aead578f6","name":"Olmar Test","image":{"@type":"ImageObject","inLanguage":"es","@id":"https:\/\/secure.gravatar.com\/avatar\/7edcc658275cc7dbfe29928119393b8b62d949bd8602dc4255aae63156a2be37?s=96&d=mm&r=g","url":"https:\/\/secure.gravatar.com\/avatar\/7edcc658275cc7dbfe29928119393b8b62d949bd8602dc4255aae63156a2be37?s=96&d=mm&r=g","contentUrl":"https:\/\/secure.gravatar.com\/avatar\/7edcc658275cc7dbfe29928119393b8b62d949bd8602dc4255aae63156a2be37?s=96&d=mm&r=g","caption":"Olmar Test"}}]}},"_links":{"self":[{"href":"https:\/\/www.olmar.com\/es\/wp-json\/wp\/v2\/posts\/267647","targetHints":{"allow":["GET"]}}],"collection":[{"href":"https:\/\/www.olmar.com\/es\/wp-json\/wp\/v2\/posts"}],"about":[{"href":"https:\/\/www.olmar.com\/es\/wp-json\/wp\/v2\/types\/post"}],"author":[{"embeddable":true,"href":"https:\/\/www.olmar.com\/es\/wp-json\/wp\/v2\/users\/2"}],"replies":[{"embeddable":true,"href":"https:\/\/www.olmar.com\/es\/wp-json\/wp\/v2\/comments?post=267647"}],"version-history":[{"count":1,"href":"https:\/\/www.olmar.com\/es\/wp-json\/wp\/v2\/posts\/267647\/revisions"}],"predecessor-version":[{"id":303090,"href":"https:\/\/www.olmar.com\/es\/wp-json\/wp\/v2\/posts\/267647\/revisions\/303090"}],"wp:featuredmedia":[{"embeddable":true,"href":"https:\/\/www.olmar.com\/es\/wp-json\/wp\/v2\/media\/267655"}],"wp:attachment":[{"href":"https:\/\/www.olmar.com\/es\/wp-json\/wp\/v2\/media?parent=267647"}],"wp:term":[{"taxonomy":"category","embeddable":true,"href":"https:\/\/www.olmar.com\/es\/wp-json\/wp\/v2\/categories?post=267647"},{"taxonomy":"post_tag","embeddable":true,"href":"https:\/\/www.olmar.com\/es\/wp-json\/wp\/v2\/tags?post=267647"}],"curies":[{"name":"wp","href":"https:\/\/api.w.org\/{rel}","templated":true}]}}