{"id":15135,"date":"2018-01-23T14:07:24","date_gmt":"2018-01-23T12:07:24","guid":{"rendered":"https:\/\/www.olmar.com\/?p=15135\/"},"modified":"2025-01-15T08:48:50","modified_gmt":"2025-01-15T08:48:50","slug":"nueva-caldera-vapor-central-lechera-asturiana","status":"publish","type":"post","link":"https:\/\/www.olmar.com\/es\/nueva-caldera-vapor-central-lechera-asturiana\/","title":{"rendered":"NUEVA CALDERA DE VAPOR PARA CENTRAL LECHERA ASTURIANA"},"content":{"rendered":"<p><em>Olmar confirma la venta de una nueva caldera de vapor para Central Lechera Asturiana, coincidiendo con el 50 aniversario de la firma.<\/em><\/p>\n<p>La compa\u00f1\u00eda Central Lechera Asturiana, situada en el concejo de Siero reconocida como uno de los principales productores de productos l\u00e1cteos de Espa\u00f1a, contar\u00e1 en los pr\u00f3ximos meses con una nueva caldera de vapor Olmar en sus instalaciones.<\/p>\n<p>Con esta nueva operaci\u00f3n, Olmar da continuidad a su tradici\u00f3n como fabricante de calderas, que se remonta a la fecha de su fundaci\u00f3n en el a\u00f1o 1945. Durante m\u00e1s de 70 a\u00f1os, Olmar ha sido un referente en la fabricaci\u00f3n de estos equipos, colaborando directamente en el crecimiento de muchas empresas de Asturias y del resto de Espa\u00f1a.<\/p>\n<p>Este nuevo contrato coincide con el 50 aniversario de la fundaci\u00f3n de la empresa, a cuyos actos de celebraci\u00f3n han asistido los Reyes de Espa\u00f1a.<\/p>\n<p>Link noticia: http:\/\/www.elcomercio.es\/economia\/empresas\/visita-rey-felipe-asturias-central-lechera-20180122113811-nt.html<\/p>\n","protected":false},"excerpt":{"rendered":"<p>Olmar confirma la venta de una nueva caldera de vapor para Central Lechera Asturiana, coincidiendo con el 50 aniversario de la firma. La compa\u00f1\u00eda Central Lechera Asturiana, situada en el concejo de Siero reconocida como uno de los principales productores de productos l\u00e1cteos de Espa\u00f1a, contar\u00e1 en los pr\u00f3ximos meses con una nueva caldera de [&hellip;]<\/p>\n","protected":false},"author":2,"featured_media":255065,"comment_status":"open","ping_status":"open","sticky":false,"template":"","format":"standard","meta":{"footnotes":""},"categories":[12],"tags":[],"class_list":["post-15135","post","type-post","status-publish","format-standard","has-post-thumbnail","hentry","category-es"],"yoast_head":"<!-- This site is optimized with the Yoast SEO plugin v27.4 - https:\/\/yoast.com\/product\/yoast-seo-wordpress\/ -->\n<title>NUEVA CALDERA DE VAPOR PARA CENTRAL LECHERA ASTURIANA - Olmar<\/title>\n<meta name=\"robots\" content=\"index, follow, max-snippet:-1, max-image-preview:large, max-video-preview:-1\" \/>\n<link rel=\"canonical\" href=\"https:\/\/www.olmar.com\/es\/nueva-caldera-vapor-central-lechera-asturiana\/\" \/>\n<meta property=\"og:locale\" content=\"es_ES\" \/>\n<meta property=\"og:type\" content=\"article\" \/>\n<meta property=\"og:title\" content=\"NUEVA CALDERA DE VAPOR PARA CENTRAL LECHERA ASTURIANA - Olmar\" \/>\n<meta property=\"og:description\" content=\"Olmar confirma la venta de una nueva caldera de vapor para Central Lechera Asturiana, coincidiendo con el 50 aniversario de la firma. La compa\u00f1\u00eda Central Lechera Asturiana, situada en el concejo de Siero reconocida como uno de los principales productores de productos l\u00e1cteos de Espa\u00f1a, contar\u00e1 en los pr\u00f3ximos meses con una nueva caldera de [&hellip;]\" \/>\n<meta property=\"og:url\" content=\"https:\/\/www.olmar.com\/es\/nueva-caldera-vapor-central-lechera-asturiana\/\" \/>\n<meta property=\"og:site_name\" content=\"Olmar\" \/>\n<meta property=\"article:published_time\" content=\"2018-01-23T12:07:24+00:00\" \/>\n<meta property=\"article:modified_time\" content=\"2025-01-15T08:48:50+00:00\" \/>\n<meta property=\"og:image\" content=\"https:\/\/www.olmar.com\/wp-content\/uploads\/2018\/01\/NuevacalderavaporCentralLecheraAsturiana.jpg\" \/>\n\t<meta property=\"og:image:width\" content=\"200\" \/>\n\t<meta property=\"og:image:height\" content=\"200\" \/>\n\t<meta property=\"og:image:type\" content=\"image\/jpeg\" \/>\n<meta name=\"author\" content=\"Olmar Test\" \/>\n<meta name=\"twitter:card\" content=\"summary_large_image\" \/>\n<meta name=\"twitter:label1\" content=\"Escrito por\" \/>\n\t<meta name=\"twitter:data1\" content=\"Olmar Test\" \/>\n\t<meta name=\"twitter:label2\" content=\"Tiempo de lectura\" \/>\n\t<meta name=\"twitter:data2\" content=\"1 minuto\" \/>\n<script type=\"application\/ld+json\" class=\"yoast-schema-graph\">{\"@context\":\"https:\\\/\\\/schema.org\",\"@graph\":[{\"@type\":\"Article\",\"@id\":\"https:\\\/\\\/www.olmar.com\\\/es\\\/nueva-caldera-vapor-central-lechera-asturiana\\\/#article\",\"isPartOf\":{\"@id\":\"https:\\\/\\\/www.olmar.com\\\/es\\\/nueva-caldera-vapor-central-lechera-asturiana\\\/\"},\"author\":{\"name\":\"Olmar Test\",\"@id\":\"https:\\\/\\\/www.olmar.com\\\/es\\\/#\\\/schema\\\/person\\\/1e3a9ace6046a05104258f3aead578f6\"},\"headline\":\"NUEVA CALDERA DE VAPOR PARA CENTRAL LECHERA ASTURIANA\",\"datePublished\":\"2018-01-23T12:07:24+00:00\",\"dateModified\":\"2025-01-15T08:48:50+00:00\",\"mainEntityOfPage\":{\"@id\":\"https:\\\/\\\/www.olmar.com\\\/es\\\/nueva-caldera-vapor-central-lechera-asturiana\\\/\"},\"wordCount\":173,\"commentCount\":0,\"image\":{\"@id\":\"https:\\\/\\\/www.olmar.com\\\/es\\\/nueva-caldera-vapor-central-lechera-asturiana\\\/#primaryimage\"},\"thumbnailUrl\":\"https:\\\/\\\/www.olmar.com\\\/wp-content\\\/uploads\\\/2018\\\/01\\\/NuevacalderavaporCentralLecheraAsturiana.jpg\",\"articleSection\":[\"es\"],\"inLanguage\":\"es\",\"potentialAction\":[{\"@type\":\"CommentAction\",\"name\":\"Comment\",\"target\":[\"https:\\\/\\\/www.olmar.com\\\/es\\\/nueva-caldera-vapor-central-lechera-asturiana\\\/#respond\"]}]},{\"@type\":\"WebPage\",\"@id\":\"https:\\\/\\\/www.olmar.com\\\/es\\\/nueva-caldera-vapor-central-lechera-asturiana\\\/\",\"url\":\"https:\\\/\\\/www.olmar.com\\\/es\\\/nueva-caldera-vapor-central-lechera-asturiana\\\/\",\"name\":\"NUEVA CALDERA DE VAPOR PARA CENTRAL LECHERA ASTURIANA - Olmar\",\"isPartOf\":{\"@id\":\"https:\\\/\\\/www.olmar.com\\\/es\\\/#website\"},\"primaryImageOfPage\":{\"@id\":\"https:\\\/\\\/www.olmar.com\\\/es\\\/nueva-caldera-vapor-central-lechera-asturiana\\\/#primaryimage\"},\"image\":{\"@id\":\"https:\\\/\\\/www.olmar.com\\\/es\\\/nueva-caldera-vapor-central-lechera-asturiana\\\/#primaryimage\"},\"thumbnailUrl\":\"https:\\\/\\\/www.olmar.com\\\/wp-content\\\/uploads\\\/2018\\\/01\\\/NuevacalderavaporCentralLecheraAsturiana.jpg\",\"datePublished\":\"2018-01-23T12:07:24+00:00\",\"dateModified\":\"2025-01-15T08:48:50+00:00\",\"author\":{\"@id\":\"https:\\\/\\\/www.olmar.com\\\/es\\\/#\\\/schema\\\/person\\\/1e3a9ace6046a05104258f3aead578f6\"},\"breadcrumb\":{\"@id\":\"https:\\\/\\\/www.olmar.com\\\/es\\\/nueva-caldera-vapor-central-lechera-asturiana\\\/#breadcrumb\"},\"inLanguage\":\"es\",\"potentialAction\":[{\"@type\":\"ReadAction\",\"target\":[\"https:\\\/\\\/www.olmar.com\\\/es\\\/nueva-caldera-vapor-central-lechera-asturiana\\\/\"]}]},{\"@type\":\"ImageObject\",\"inLanguage\":\"es\",\"@id\":\"https:\\\/\\\/www.olmar.com\\\/es\\\/nueva-caldera-vapor-central-lechera-asturiana\\\/#primaryimage\",\"url\":\"https:\\\/\\\/www.olmar.com\\\/wp-content\\\/uploads\\\/2018\\\/01\\\/NuevacalderavaporCentralLecheraAsturiana.jpg\",\"contentUrl\":\"https:\\\/\\\/www.olmar.com\\\/wp-content\\\/uploads\\\/2018\\\/01\\\/NuevacalderavaporCentralLecheraAsturiana.jpg\",\"width\":200,\"height\":200},{\"@type\":\"BreadcrumbList\",\"@id\":\"https:\\\/\\\/www.olmar.com\\\/es\\\/nueva-caldera-vapor-central-lechera-asturiana\\\/#breadcrumb\",\"itemListElement\":[{\"@type\":\"ListItem\",\"position\":1,\"name\":\"Home\",\"item\":\"https:\\\/\\\/www.olmar.com\\\/es\\\/\"},{\"@type\":\"ListItem\",\"position\":2,\"name\":\"NUEVA CALDERA DE VAPOR PARA CENTRAL LECHERA ASTURIANA\"}]},{\"@type\":\"WebSite\",\"@id\":\"https:\\\/\\\/www.olmar.com\\\/es\\\/#website\",\"url\":\"https:\\\/\\\/www.olmar.com\\\/es\\\/\",\"name\":\"Olmar\",\"description\":\"Just another WordPress site\",\"potentialAction\":[{\"@type\":\"SearchAction\",\"target\":{\"@type\":\"EntryPoint\",\"urlTemplate\":\"https:\\\/\\\/www.olmar.com\\\/es\\\/?s={search_term_string}\"},\"query-input\":{\"@type\":\"PropertyValueSpecification\",\"valueRequired\":true,\"valueName\":\"search_term_string\"}}],\"inLanguage\":\"es\"},{\"@type\":\"Person\",\"@id\":\"https:\\\/\\\/www.olmar.com\\\/es\\\/#\\\/schema\\\/person\\\/1e3a9ace6046a05104258f3aead578f6\",\"name\":\"Olmar Test\",\"image\":{\"@type\":\"ImageObject\",\"inLanguage\":\"es\",\"@id\":\"https:\\\/\\\/secure.gravatar.com\\\/avatar\\\/7edcc658275cc7dbfe29928119393b8b62d949bd8602dc4255aae63156a2be37?s=96&d=mm&r=g\",\"url\":\"https:\\\/\\\/secure.gravatar.com\\\/avatar\\\/7edcc658275cc7dbfe29928119393b8b62d949bd8602dc4255aae63156a2be37?s=96&d=mm&r=g\",\"contentUrl\":\"https:\\\/\\\/secure.gravatar.com\\\/avatar\\\/7edcc658275cc7dbfe29928119393b8b62d949bd8602dc4255aae63156a2be37?s=96&d=mm&r=g\",\"caption\":\"Olmar Test\"}}]}<\/script>\n<!-- \/ Yoast SEO plugin. -->","yoast_head_json":{"title":"NUEVA CALDERA DE VAPOR PARA CENTRAL LECHERA ASTURIANA - Olmar","robots":{"index":"index","follow":"follow","max-snippet":"max-snippet:-1","max-image-preview":"max-image-preview:large","max-video-preview":"max-video-preview:-1"},"canonical":"https:\/\/www.olmar.com\/es\/nueva-caldera-vapor-central-lechera-asturiana\/","og_locale":"es_ES","og_type":"article","og_title":"NUEVA CALDERA DE VAPOR PARA CENTRAL LECHERA ASTURIANA - Olmar","og_description":"Olmar confirma la venta de una nueva caldera de vapor para Central Lechera Asturiana, coincidiendo con el 50 aniversario de la firma. La compa\u00f1\u00eda Central Lechera Asturiana, situada en el concejo de Siero reconocida como uno de los principales productores de productos l\u00e1cteos de Espa\u00f1a, contar\u00e1 en los pr\u00f3ximos meses con una nueva caldera de [&hellip;]","og_url":"https:\/\/www.olmar.com\/es\/nueva-caldera-vapor-central-lechera-asturiana\/","og_site_name":"Olmar","article_published_time":"2018-01-23T12:07:24+00:00","article_modified_time":"2025-01-15T08:48:50+00:00","og_image":[{"width":200,"height":200,"url":"https:\/\/www.olmar.com\/wp-content\/uploads\/2018\/01\/NuevacalderavaporCentralLecheraAsturiana.jpg","type":"image\/jpeg"}],"author":"Olmar Test","twitter_card":"summary_large_image","twitter_misc":{"Escrito por":"Olmar Test","Tiempo de lectura":"1 minuto"},"schema":{"@context":"https:\/\/schema.org","@graph":[{"@type":"Article","@id":"https:\/\/www.olmar.com\/es\/nueva-caldera-vapor-central-lechera-asturiana\/#article","isPartOf":{"@id":"https:\/\/www.olmar.com\/es\/nueva-caldera-vapor-central-lechera-asturiana\/"},"author":{"name":"Olmar Test","@id":"https:\/\/www.olmar.com\/es\/#\/schema\/person\/1e3a9ace6046a05104258f3aead578f6"},"headline":"NUEVA CALDERA DE VAPOR PARA CENTRAL LECHERA ASTURIANA","datePublished":"2018-01-23T12:07:24+00:00","dateModified":"2025-01-15T08:48:50+00:00","mainEntityOfPage":{"@id":"https:\/\/www.olmar.com\/es\/nueva-caldera-vapor-central-lechera-asturiana\/"},"wordCount":173,"commentCount":0,"image":{"@id":"https:\/\/www.olmar.com\/es\/nueva-caldera-vapor-central-lechera-asturiana\/#primaryimage"},"thumbnailUrl":"https:\/\/www.olmar.com\/wp-content\/uploads\/2018\/01\/NuevacalderavaporCentralLecheraAsturiana.jpg","articleSection":["es"],"inLanguage":"es","potentialAction":[{"@type":"CommentAction","name":"Comment","target":["https:\/\/www.olmar.com\/es\/nueva-caldera-vapor-central-lechera-asturiana\/#respond"]}]},{"@type":"WebPage","@id":"https:\/\/www.olmar.com\/es\/nueva-caldera-vapor-central-lechera-asturiana\/","url":"https:\/\/www.olmar.com\/es\/nueva-caldera-vapor-central-lechera-asturiana\/","name":"NUEVA CALDERA DE VAPOR PARA CENTRAL LECHERA ASTURIANA - Olmar","isPartOf":{"@id":"https:\/\/www.olmar.com\/es\/#website"},"primaryImageOfPage":{"@id":"https:\/\/www.olmar.com\/es\/nueva-caldera-vapor-central-lechera-asturiana\/#primaryimage"},"image":{"@id":"https:\/\/www.olmar.com\/es\/nueva-caldera-vapor-central-lechera-asturiana\/#primaryimage"},"thumbnailUrl":"https:\/\/www.olmar.com\/wp-content\/uploads\/2018\/01\/NuevacalderavaporCentralLecheraAsturiana.jpg","datePublished":"2018-01-23T12:07:24+00:00","dateModified":"2025-01-15T08:48:50+00:00","author":{"@id":"https:\/\/www.olmar.com\/es\/#\/schema\/person\/1e3a9ace6046a05104258f3aead578f6"},"breadcrumb":{"@id":"https:\/\/www.olmar.com\/es\/nueva-caldera-vapor-central-lechera-asturiana\/#breadcrumb"},"inLanguage":"es","potentialAction":[{"@type":"ReadAction","target":["https:\/\/www.olmar.com\/es\/nueva-caldera-vapor-central-lechera-asturiana\/"]}]},{"@type":"ImageObject","inLanguage":"es","@id":"https:\/\/www.olmar.com\/es\/nueva-caldera-vapor-central-lechera-asturiana\/#primaryimage","url":"https:\/\/www.olmar.com\/wp-content\/uploads\/2018\/01\/NuevacalderavaporCentralLecheraAsturiana.jpg","contentUrl":"https:\/\/www.olmar.com\/wp-content\/uploads\/2018\/01\/NuevacalderavaporCentralLecheraAsturiana.jpg","width":200,"height":200},{"@type":"BreadcrumbList","@id":"https:\/\/www.olmar.com\/es\/nueva-caldera-vapor-central-lechera-asturiana\/#breadcrumb","itemListElement":[{"@type":"ListItem","position":1,"name":"Home","item":"https:\/\/www.olmar.com\/es\/"},{"@type":"ListItem","position":2,"name":"NUEVA CALDERA DE VAPOR PARA CENTRAL LECHERA ASTURIANA"}]},{"@type":"WebSite","@id":"https:\/\/www.olmar.com\/es\/#website","url":"https:\/\/www.olmar.com\/es\/","name":"Olmar","description":"Just another WordPress site","potentialAction":[{"@type":"SearchAction","target":{"@type":"EntryPoint","urlTemplate":"https:\/\/www.olmar.com\/es\/?s={search_term_string}"},"query-input":{"@type":"PropertyValueSpecification","valueRequired":true,"valueName":"search_term_string"}}],"inLanguage":"es"},{"@type":"Person","@id":"https:\/\/www.olmar.com\/es\/#\/schema\/person\/1e3a9ace6046a05104258f3aead578f6","name":"Olmar Test","image":{"@type":"ImageObject","inLanguage":"es","@id":"https:\/\/secure.gravatar.com\/avatar\/7edcc658275cc7dbfe29928119393b8b62d949bd8602dc4255aae63156a2be37?s=96&d=mm&r=g","url":"https:\/\/secure.gravatar.com\/avatar\/7edcc658275cc7dbfe29928119393b8b62d949bd8602dc4255aae63156a2be37?s=96&d=mm&r=g","contentUrl":"https:\/\/secure.gravatar.com\/avatar\/7edcc658275cc7dbfe29928119393b8b62d949bd8602dc4255aae63156a2be37?s=96&d=mm&r=g","caption":"Olmar Test"}}]}},"_links":{"self":[{"href":"https:\/\/www.olmar.com\/es\/wp-json\/wp\/v2\/posts\/15135","targetHints":{"allow":["GET"]}}],"collection":[{"href":"https:\/\/www.olmar.com\/es\/wp-json\/wp\/v2\/posts"}],"about":[{"href":"https:\/\/www.olmar.com\/es\/wp-json\/wp\/v2\/types\/post"}],"author":[{"embeddable":true,"href":"https:\/\/www.olmar.com\/es\/wp-json\/wp\/v2\/users\/2"}],"replies":[{"embeddable":true,"href":"https:\/\/www.olmar.com\/es\/wp-json\/wp\/v2\/comments?post=15135"}],"version-history":[{"count":0,"href":"https:\/\/www.olmar.com\/es\/wp-json\/wp\/v2\/posts\/15135\/revisions"}],"wp:featuredmedia":[{"embeddable":true,"href":"https:\/\/www.olmar.com\/es\/wp-json\/wp\/v2\/media\/255065"}],"wp:attachment":[{"href":"https:\/\/www.olmar.com\/es\/wp-json\/wp\/v2\/media?parent=15135"}],"wp:term":[{"taxonomy":"category","embeddable":true,"href":"https:\/\/www.olmar.com\/es\/wp-json\/wp\/v2\/categories?post=15135"},{"taxonomy":"post_tag","embeddable":true,"href":"https:\/\/www.olmar.com\/es\/wp-json\/wp\/v2\/tags?post=15135"}],"curies":[{"name":"wp","href":"https:\/\/api.w.org\/{rel}","templated":true}]}}