{"id":12571,"date":"2014-12-12T08:37:20","date_gmt":"2014-12-12T07:37:20","guid":{"rendered":"http:\/\/olmar.test.obice.es\/?p=1478"},"modified":"2025-01-15T08:48:57","modified_gmt":"2025-01-15T08:48:57","slug":"nuevo-autoclave-vertical-francia","status":"publish","type":"post","link":"https:\/\/www.olmar.com\/es\/nuevo-autoclave-vertical-francia\/","title":{"rendered":"NUEVO AUTOCLAVE VERTICAL DE 4 METROS DE DI\u00c1METRO  EN FRANCIA"},"content":{"rendered":"<p>&nbsp;<\/p>\n<h2>Industrial Olmar sigue afianzando su posici\u00f3n en Francia con la venta de un&nbsp;nuevo Autoclave<\/h2>\n<p>Industrial Olmar ha firmado un nuevo acuerdo para la fabricaci\u00f3n de un <a title=\"Autoclave\" href=\"\/?page_id=628\">Autoclave<\/a> vertical en Francia. Este Autoclave se destinar\u00e1 a una gran variedad de usos, entre los que destacan&nbsp; aplicaciones para la industria del transporte, tanto en aviaci\u00f3n como en ferrocarriles, y soluciones de tipo energ\u00e9tico y militar.<\/p>\n<p>El cliente es en esta ocasi\u00f3n un gran grupo franc\u00e9s que ofrece soluciones innovadoras para la mejora de la conducci\u00f3n, confort y seguridad de todo tipo de veh\u00edculos. Su producci\u00f3n abarca una gran variedad de productos, desde chasis hasta motores y amortiguadores.<\/p>\n<p>Con esta nueva operaci\u00f3n, Industrial Olmar sigue afianzando su posici\u00f3n en Francia y se consolida como uno de los principales fabricantes y exportadores de Autoclaves y generadores de vapor a nivel mundial.<strong> &nbsp;<\/strong><\/p>\n","protected":false},"excerpt":{"rendered":"<p>&nbsp; Industrial Olmar sigue afianzando su posici\u00f3n en Francia con la venta de un&nbsp;nuevo Autoclave Industrial Olmar ha firmado un nuevo acuerdo para la fabricaci\u00f3n de un Autoclave vertical en Francia. Este Autoclave se destinar\u00e1 a una gran variedad de usos, entre los que destacan&nbsp; aplicaciones para la industria del transporte, tanto en aviaci\u00f3n como [&hellip;]<\/p>\n","protected":false},"author":2,"featured_media":255347,"comment_status":"open","ping_status":"open","sticky":false,"template":"","format":"standard","meta":{"footnotes":""},"categories":[12],"tags":[],"class_list":["post-12571","post","type-post","status-publish","format-standard","has-post-thumbnail","hentry","category-es"],"yoast_head":"<!-- This site is optimized with the Yoast SEO plugin v27.4 - https:\/\/yoast.com\/product\/yoast-seo-wordpress\/ -->\n<title>NUEVO AUTOCLAVE VERTICAL OLMAR EN FRANCIA<\/title>\n<meta name=\"description\" content=\"Industrial Olmar sigue afianzando su posici\u00f3n en Francia con la venta de este nuevo Autoclave vertical\" \/>\n<meta name=\"robots\" content=\"index, follow, max-snippet:-1, max-image-preview:large, max-video-preview:-1\" \/>\n<link rel=\"canonical\" href=\"https:\/\/www.olmar.com\/es\/nuevo-autoclave-vertical-francia\/\" \/>\n<meta property=\"og:locale\" content=\"es_ES\" \/>\n<meta property=\"og:type\" content=\"article\" \/>\n<meta property=\"og:title\" content=\"NUEVO AUTOCLAVE VERTICAL OLMAR EN FRANCIA\" \/>\n<meta property=\"og:description\" content=\"Industrial Olmar sigue afianzando su posici\u00f3n en Francia con la venta de este nuevo Autoclave vertical\" \/>\n<meta property=\"og:url\" content=\"https:\/\/www.olmar.com\/es\/nuevo-autoclave-vertical-francia\/\" \/>\n<meta property=\"og:site_name\" content=\"Olmar\" \/>\n<meta property=\"article:published_time\" content=\"2014-12-12T07:37:20+00:00\" \/>\n<meta property=\"article:modified_time\" content=\"2025-01-15T08:48:57+00:00\" \/>\n<meta property=\"og:image\" content=\"https:\/\/www.olmar.com\/wp-content\/uploads\/2014\/12\/NuevoautoclaveverticalFrancia.jpeg\" \/>\n\t<meta property=\"og:image:width\" content=\"200\" \/>\n\t<meta property=\"og:image:height\" content=\"200\" \/>\n\t<meta property=\"og:image:type\" content=\"image\/jpeg\" \/>\n<meta name=\"author\" content=\"Olmar Test\" \/>\n<meta name=\"twitter:card\" content=\"summary_large_image\" \/>\n<meta name=\"twitter:label1\" content=\"Escrito por\" \/>\n\t<meta name=\"twitter:data1\" content=\"Olmar Test\" \/>\n\t<meta name=\"twitter:label2\" content=\"Tiempo de lectura\" \/>\n\t<meta name=\"twitter:data2\" content=\"1 minuto\" \/>\n<script type=\"application\/ld+json\" class=\"yoast-schema-graph\">{\"@context\":\"https:\\\/\\\/schema.org\",\"@graph\":[{\"@type\":\"Article\",\"@id\":\"https:\\\/\\\/www.olmar.com\\\/es\\\/nuevo-autoclave-vertical-francia\\\/#article\",\"isPartOf\":{\"@id\":\"https:\\\/\\\/www.olmar.com\\\/es\\\/nuevo-autoclave-vertical-francia\\\/\"},\"author\":{\"name\":\"Olmar Test\",\"@id\":\"https:\\\/\\\/www.olmar.com\\\/es\\\/#\\\/schema\\\/person\\\/1e3a9ace6046a05104258f3aead578f6\"},\"headline\":\"NUEVO AUTOCLAVE VERTICAL DE 4 METROS DE DI\u00c1METRO EN FRANCIA\",\"datePublished\":\"2014-12-12T07:37:20+00:00\",\"dateModified\":\"2025-01-15T08:48:57+00:00\",\"mainEntityOfPage\":{\"@id\":\"https:\\\/\\\/www.olmar.com\\\/es\\\/nuevo-autoclave-vertical-francia\\\/\"},\"wordCount\":163,\"commentCount\":0,\"image\":{\"@id\":\"https:\\\/\\\/www.olmar.com\\\/es\\\/nuevo-autoclave-vertical-francia\\\/#primaryimage\"},\"thumbnailUrl\":\"https:\\\/\\\/www.olmar.com\\\/wp-content\\\/uploads\\\/2014\\\/12\\\/NuevoautoclaveverticalFrancia.jpeg\",\"articleSection\":[\"es\"],\"inLanguage\":\"es\",\"potentialAction\":[{\"@type\":\"CommentAction\",\"name\":\"Comment\",\"target\":[\"https:\\\/\\\/www.olmar.com\\\/es\\\/nuevo-autoclave-vertical-francia\\\/#respond\"]}]},{\"@type\":\"WebPage\",\"@id\":\"https:\\\/\\\/www.olmar.com\\\/es\\\/nuevo-autoclave-vertical-francia\\\/\",\"url\":\"https:\\\/\\\/www.olmar.com\\\/es\\\/nuevo-autoclave-vertical-francia\\\/\",\"name\":\"NUEVO AUTOCLAVE VERTICAL OLMAR EN FRANCIA\",\"isPartOf\":{\"@id\":\"https:\\\/\\\/www.olmar.com\\\/es\\\/#website\"},\"primaryImageOfPage\":{\"@id\":\"https:\\\/\\\/www.olmar.com\\\/es\\\/nuevo-autoclave-vertical-francia\\\/#primaryimage\"},\"image\":{\"@id\":\"https:\\\/\\\/www.olmar.com\\\/es\\\/nuevo-autoclave-vertical-francia\\\/#primaryimage\"},\"thumbnailUrl\":\"https:\\\/\\\/www.olmar.com\\\/wp-content\\\/uploads\\\/2014\\\/12\\\/NuevoautoclaveverticalFrancia.jpeg\",\"datePublished\":\"2014-12-12T07:37:20+00:00\",\"dateModified\":\"2025-01-15T08:48:57+00:00\",\"author\":{\"@id\":\"https:\\\/\\\/www.olmar.com\\\/es\\\/#\\\/schema\\\/person\\\/1e3a9ace6046a05104258f3aead578f6\"},\"description\":\"Industrial Olmar sigue afianzando su posici\u00f3n en Francia con la venta de este nuevo Autoclave vertical\",\"breadcrumb\":{\"@id\":\"https:\\\/\\\/www.olmar.com\\\/es\\\/nuevo-autoclave-vertical-francia\\\/#breadcrumb\"},\"inLanguage\":\"es\",\"potentialAction\":[{\"@type\":\"ReadAction\",\"target\":[\"https:\\\/\\\/www.olmar.com\\\/es\\\/nuevo-autoclave-vertical-francia\\\/\"]}]},{\"@type\":\"ImageObject\",\"inLanguage\":\"es\",\"@id\":\"https:\\\/\\\/www.olmar.com\\\/es\\\/nuevo-autoclave-vertical-francia\\\/#primaryimage\",\"url\":\"https:\\\/\\\/www.olmar.com\\\/wp-content\\\/uploads\\\/2014\\\/12\\\/NuevoautoclaveverticalFrancia.jpeg\",\"contentUrl\":\"https:\\\/\\\/www.olmar.com\\\/wp-content\\\/uploads\\\/2014\\\/12\\\/NuevoautoclaveverticalFrancia.jpeg\",\"width\":200,\"height\":200},{\"@type\":\"BreadcrumbList\",\"@id\":\"https:\\\/\\\/www.olmar.com\\\/es\\\/nuevo-autoclave-vertical-francia\\\/#breadcrumb\",\"itemListElement\":[{\"@type\":\"ListItem\",\"position\":1,\"name\":\"Home\",\"item\":\"https:\\\/\\\/www.olmar.com\\\/es\\\/\"},{\"@type\":\"ListItem\",\"position\":2,\"name\":\"NUEVO AUTOCLAVE VERTICAL DE 4 METROS DE DI\u00c1METRO EN FRANCIA\"}]},{\"@type\":\"WebSite\",\"@id\":\"https:\\\/\\\/www.olmar.com\\\/es\\\/#website\",\"url\":\"https:\\\/\\\/www.olmar.com\\\/es\\\/\",\"name\":\"Olmar\",\"description\":\"Just another WordPress site\",\"potentialAction\":[{\"@type\":\"SearchAction\",\"target\":{\"@type\":\"EntryPoint\",\"urlTemplate\":\"https:\\\/\\\/www.olmar.com\\\/es\\\/?s={search_term_string}\"},\"query-input\":{\"@type\":\"PropertyValueSpecification\",\"valueRequired\":true,\"valueName\":\"search_term_string\"}}],\"inLanguage\":\"es\"},{\"@type\":\"Person\",\"@id\":\"https:\\\/\\\/www.olmar.com\\\/es\\\/#\\\/schema\\\/person\\\/1e3a9ace6046a05104258f3aead578f6\",\"name\":\"Olmar Test\",\"image\":{\"@type\":\"ImageObject\",\"inLanguage\":\"es\",\"@id\":\"https:\\\/\\\/secure.gravatar.com\\\/avatar\\\/7edcc658275cc7dbfe29928119393b8b62d949bd8602dc4255aae63156a2be37?s=96&d=mm&r=g\",\"url\":\"https:\\\/\\\/secure.gravatar.com\\\/avatar\\\/7edcc658275cc7dbfe29928119393b8b62d949bd8602dc4255aae63156a2be37?s=96&d=mm&r=g\",\"contentUrl\":\"https:\\\/\\\/secure.gravatar.com\\\/avatar\\\/7edcc658275cc7dbfe29928119393b8b62d949bd8602dc4255aae63156a2be37?s=96&d=mm&r=g\",\"caption\":\"Olmar Test\"}}]}<\/script>\n<!-- \/ Yoast SEO plugin. -->","yoast_head_json":{"title":"NUEVO AUTOCLAVE VERTICAL OLMAR EN FRANCIA","description":"Industrial Olmar sigue afianzando su posici\u00f3n en Francia con la venta de este nuevo Autoclave vertical","robots":{"index":"index","follow":"follow","max-snippet":"max-snippet:-1","max-image-preview":"max-image-preview:large","max-video-preview":"max-video-preview:-1"},"canonical":"https:\/\/www.olmar.com\/es\/nuevo-autoclave-vertical-francia\/","og_locale":"es_ES","og_type":"article","og_title":"NUEVO AUTOCLAVE VERTICAL OLMAR EN FRANCIA","og_description":"Industrial Olmar sigue afianzando su posici\u00f3n en Francia con la venta de este nuevo Autoclave vertical","og_url":"https:\/\/www.olmar.com\/es\/nuevo-autoclave-vertical-francia\/","og_site_name":"Olmar","article_published_time":"2014-12-12T07:37:20+00:00","article_modified_time":"2025-01-15T08:48:57+00:00","og_image":[{"width":200,"height":200,"url":"https:\/\/www.olmar.com\/wp-content\/uploads\/2014\/12\/NuevoautoclaveverticalFrancia.jpeg","type":"image\/jpeg"}],"author":"Olmar Test","twitter_card":"summary_large_image","twitter_misc":{"Escrito por":"Olmar Test","Tiempo de lectura":"1 minuto"},"schema":{"@context":"https:\/\/schema.org","@graph":[{"@type":"Article","@id":"https:\/\/www.olmar.com\/es\/nuevo-autoclave-vertical-francia\/#article","isPartOf":{"@id":"https:\/\/www.olmar.com\/es\/nuevo-autoclave-vertical-francia\/"},"author":{"name":"Olmar Test","@id":"https:\/\/www.olmar.com\/es\/#\/schema\/person\/1e3a9ace6046a05104258f3aead578f6"},"headline":"NUEVO AUTOCLAVE VERTICAL DE 4 METROS DE DI\u00c1METRO EN FRANCIA","datePublished":"2014-12-12T07:37:20+00:00","dateModified":"2025-01-15T08:48:57+00:00","mainEntityOfPage":{"@id":"https:\/\/www.olmar.com\/es\/nuevo-autoclave-vertical-francia\/"},"wordCount":163,"commentCount":0,"image":{"@id":"https:\/\/www.olmar.com\/es\/nuevo-autoclave-vertical-francia\/#primaryimage"},"thumbnailUrl":"https:\/\/www.olmar.com\/wp-content\/uploads\/2014\/12\/NuevoautoclaveverticalFrancia.jpeg","articleSection":["es"],"inLanguage":"es","potentialAction":[{"@type":"CommentAction","name":"Comment","target":["https:\/\/www.olmar.com\/es\/nuevo-autoclave-vertical-francia\/#respond"]}]},{"@type":"WebPage","@id":"https:\/\/www.olmar.com\/es\/nuevo-autoclave-vertical-francia\/","url":"https:\/\/www.olmar.com\/es\/nuevo-autoclave-vertical-francia\/","name":"NUEVO AUTOCLAVE VERTICAL OLMAR EN FRANCIA","isPartOf":{"@id":"https:\/\/www.olmar.com\/es\/#website"},"primaryImageOfPage":{"@id":"https:\/\/www.olmar.com\/es\/nuevo-autoclave-vertical-francia\/#primaryimage"},"image":{"@id":"https:\/\/www.olmar.com\/es\/nuevo-autoclave-vertical-francia\/#primaryimage"},"thumbnailUrl":"https:\/\/www.olmar.com\/wp-content\/uploads\/2014\/12\/NuevoautoclaveverticalFrancia.jpeg","datePublished":"2014-12-12T07:37:20+00:00","dateModified":"2025-01-15T08:48:57+00:00","author":{"@id":"https:\/\/www.olmar.com\/es\/#\/schema\/person\/1e3a9ace6046a05104258f3aead578f6"},"description":"Industrial Olmar sigue afianzando su posici\u00f3n en Francia con la venta de este nuevo Autoclave vertical","breadcrumb":{"@id":"https:\/\/www.olmar.com\/es\/nuevo-autoclave-vertical-francia\/#breadcrumb"},"inLanguage":"es","potentialAction":[{"@type":"ReadAction","target":["https:\/\/www.olmar.com\/es\/nuevo-autoclave-vertical-francia\/"]}]},{"@type":"ImageObject","inLanguage":"es","@id":"https:\/\/www.olmar.com\/es\/nuevo-autoclave-vertical-francia\/#primaryimage","url":"https:\/\/www.olmar.com\/wp-content\/uploads\/2014\/12\/NuevoautoclaveverticalFrancia.jpeg","contentUrl":"https:\/\/www.olmar.com\/wp-content\/uploads\/2014\/12\/NuevoautoclaveverticalFrancia.jpeg","width":200,"height":200},{"@type":"BreadcrumbList","@id":"https:\/\/www.olmar.com\/es\/nuevo-autoclave-vertical-francia\/#breadcrumb","itemListElement":[{"@type":"ListItem","position":1,"name":"Home","item":"https:\/\/www.olmar.com\/es\/"},{"@type":"ListItem","position":2,"name":"NUEVO AUTOCLAVE VERTICAL DE 4 METROS DE DI\u00c1METRO EN FRANCIA"}]},{"@type":"WebSite","@id":"https:\/\/www.olmar.com\/es\/#website","url":"https:\/\/www.olmar.com\/es\/","name":"Olmar","description":"Just another WordPress site","potentialAction":[{"@type":"SearchAction","target":{"@type":"EntryPoint","urlTemplate":"https:\/\/www.olmar.com\/es\/?s={search_term_string}"},"query-input":{"@type":"PropertyValueSpecification","valueRequired":true,"valueName":"search_term_string"}}],"inLanguage":"es"},{"@type":"Person","@id":"https:\/\/www.olmar.com\/es\/#\/schema\/person\/1e3a9ace6046a05104258f3aead578f6","name":"Olmar Test","image":{"@type":"ImageObject","inLanguage":"es","@id":"https:\/\/secure.gravatar.com\/avatar\/7edcc658275cc7dbfe29928119393b8b62d949bd8602dc4255aae63156a2be37?s=96&d=mm&r=g","url":"https:\/\/secure.gravatar.com\/avatar\/7edcc658275cc7dbfe29928119393b8b62d949bd8602dc4255aae63156a2be37?s=96&d=mm&r=g","contentUrl":"https:\/\/secure.gravatar.com\/avatar\/7edcc658275cc7dbfe29928119393b8b62d949bd8602dc4255aae63156a2be37?s=96&d=mm&r=g","caption":"Olmar Test"}}]}},"_links":{"self":[{"href":"https:\/\/www.olmar.com\/es\/wp-json\/wp\/v2\/posts\/12571","targetHints":{"allow":["GET"]}}],"collection":[{"href":"https:\/\/www.olmar.com\/es\/wp-json\/wp\/v2\/posts"}],"about":[{"href":"https:\/\/www.olmar.com\/es\/wp-json\/wp\/v2\/types\/post"}],"author":[{"embeddable":true,"href":"https:\/\/www.olmar.com\/es\/wp-json\/wp\/v2\/users\/2"}],"replies":[{"embeddable":true,"href":"https:\/\/www.olmar.com\/es\/wp-json\/wp\/v2\/comments?post=12571"}],"version-history":[{"count":0,"href":"https:\/\/www.olmar.com\/es\/wp-json\/wp\/v2\/posts\/12571\/revisions"}],"wp:featuredmedia":[{"embeddable":true,"href":"https:\/\/www.olmar.com\/es\/wp-json\/wp\/v2\/media\/255347"}],"wp:attachment":[{"href":"https:\/\/www.olmar.com\/es\/wp-json\/wp\/v2\/media?parent=12571"}],"wp:term":[{"taxonomy":"category","embeddable":true,"href":"https:\/\/www.olmar.com\/es\/wp-json\/wp\/v2\/categories?post=12571"},{"taxonomy":"post_tag","embeddable":true,"href":"https:\/\/www.olmar.com\/es\/wp-json\/wp\/v2\/tags?post=12571"}],"curies":[{"name":"wp","href":"https:\/\/api.w.org\/{rel}","templated":true}]}}