{"id":11391,"date":"2016-08-10T07:39:25","date_gmt":"2016-08-10T07:39:25","guid":{"rendered":"https:\/\/www.olmar.com\/?p=11391"},"modified":"2025-01-15T08:48:54","modified_gmt":"2025-01-15T08:48:54","slug":"olmar-la-cabeza-del-sector-aeronautico-sur-europa","status":"publish","type":"post","link":"https:\/\/www.olmar.com\/es\/olmar-la-cabeza-del-sector-aeronautico-sur-europa\/","title":{"rendered":"OLMAR A LA CABEZA DEL SECTOR AERON\u00c1UTICO EN EL SUR DE EUROPA"},"content":{"rendered":"<p><em>La venta de un nuevo autoclave Olmar para tratamiento de materiales compuestos afianza a la compa\u00f1\u00eda como proveedor l\u00edder del sector aeron\u00e1utico en el Sur de Europa<\/em><\/p>\n<p>El Sur de Europa sigue siendo uno de los puntos estrat\u00e9gicos m\u00e1s importantes del sector aeron\u00e1utico. Prueba de ello es el creciente n\u00famero de empresas de la zona vinculadas a la fabricaci\u00f3n y tratamiento de piezas destinadas a formar parte de los aviones del presente y el futuro; un escenario en el que los materiales compuestos tienen un protagonismo cada vez mayor.<\/p>\n<p>La experiencia de Olmar en el mercado y su excelente posicionamiento en esta zona geogr\u00e1fica han sido fundamentales para cerrar en las \u00faltimas semanas la venta de un nuevo autoclave para tratamiento de compuestos. El cliente es en esta ocasi\u00f3n un importante TIER1, proveedor de primer nivel para fabricantes como Airbus o Embraer.<\/p>\n<p>Con este contrato, Olmar sigue afianzando su liderazgo como proveedor de autoclaves para tratamiento de materiales compuestos en el Sur de Europa.<\/p>\n","protected":false},"excerpt":{"rendered":"<p>La venta de un nuevo autoclave Olmar para tratamiento de materiales compuestos afianza a la compa\u00f1\u00eda como proveedor l\u00edder del sector aeron\u00e1utico en el Sur de Europa El Sur de Europa sigue siendo uno de los puntos estrat\u00e9gicos m\u00e1s importantes del sector aeron\u00e1utico. Prueba de ello es el creciente n\u00famero de empresas de la zona [&hellip;]<\/p>\n","protected":false},"author":2,"featured_media":255510,"comment_status":"open","ping_status":"open","sticky":false,"template":"","format":"standard","meta":{"footnotes":""},"categories":[12],"tags":[40,41,42,43,44,45,46],"class_list":["post-11391","post","type-post","status-publish","format-standard","has-post-thumbnail","hentry","category-es","tag-airbus","tag-autoclave","tag-composites","tag-embraer","tag-olmar","tag-sur-de-europa","tag-tier1"],"yoast_head":"<!-- This site is optimized with the Yoast SEO plugin v27.4 - https:\/\/yoast.com\/product\/yoast-seo-wordpress\/ -->\n<title>OLMAR A LA CABEZA DEL SECTOR AERON\u00c1UTICO EN EL SUR DE EUROPA - Olmar<\/title>\n<meta name=\"description\" content=\"La venta de un nuevo autoclave Olmar para tratamiento de materiales compuestos afianza a la compa\u00f1\u00eda como proveedor l\u00edder del sector aeron\u00e1utico en el Sur de Europa\" \/>\n<meta name=\"robots\" content=\"index, follow, max-snippet:-1, max-image-preview:large, max-video-preview:-1\" \/>\n<link rel=\"canonical\" href=\"https:\/\/www.olmar.com\/es\/olmar-la-cabeza-del-sector-aeronautico-sur-europa\/\" \/>\n<meta property=\"og:locale\" content=\"es_ES\" \/>\n<meta property=\"og:type\" content=\"article\" \/>\n<meta property=\"og:title\" content=\"OLMAR A LA CABEZA DEL SECTOR AERON\u00c1UTICO EN EL SUR DE EUROPA - Olmar\" \/>\n<meta property=\"og:description\" content=\"La venta de un nuevo autoclave Olmar para tratamiento de materiales compuestos afianza a la compa\u00f1\u00eda como proveedor l\u00edder del sector aeron\u00e1utico en el Sur de Europa\" \/>\n<meta property=\"og:url\" content=\"https:\/\/www.olmar.com\/es\/olmar-la-cabeza-del-sector-aeronautico-sur-europa\/\" \/>\n<meta property=\"og:site_name\" content=\"Olmar\" \/>\n<meta property=\"article:published_time\" content=\"2016-08-10T07:39:25+00:00\" \/>\n<meta property=\"article:modified_time\" content=\"2025-01-15T08:48:54+00:00\" \/>\n<meta property=\"og:image\" content=\"https:\/\/www.olmar.com\/wp-content\/uploads\/2016\/08\/OlmarcabezasectoraeronauticosurEuropa.jpg\" \/>\n\t<meta property=\"og:image:width\" content=\"200\" \/>\n\t<meta property=\"og:image:height\" content=\"200\" \/>\n\t<meta property=\"og:image:type\" content=\"image\/jpeg\" \/>\n<meta name=\"author\" content=\"Olmar Test\" \/>\n<meta name=\"twitter:card\" content=\"summary_large_image\" \/>\n<meta name=\"twitter:label1\" content=\"Escrito por\" \/>\n\t<meta name=\"twitter:data1\" content=\"Olmar Test\" \/>\n\t<meta name=\"twitter:label2\" content=\"Tiempo de lectura\" \/>\n\t<meta name=\"twitter:data2\" content=\"1 minuto\" \/>\n<script type=\"application\/ld+json\" class=\"yoast-schema-graph\">{\"@context\":\"https:\\\/\\\/schema.org\",\"@graph\":[{\"@type\":\"Article\",\"@id\":\"https:\\\/\\\/www.olmar.com\\\/es\\\/olmar-la-cabeza-del-sector-aeronautico-sur-europa\\\/#article\",\"isPartOf\":{\"@id\":\"https:\\\/\\\/www.olmar.com\\\/es\\\/olmar-la-cabeza-del-sector-aeronautico-sur-europa\\\/\"},\"author\":{\"name\":\"Olmar Test\",\"@id\":\"https:\\\/\\\/www.olmar.com\\\/es\\\/#\\\/schema\\\/person\\\/1e3a9ace6046a05104258f3aead578f6\"},\"headline\":\"OLMAR A LA CABEZA DEL SECTOR AERON\u00c1UTICO EN EL SUR DE EUROPA\",\"datePublished\":\"2016-08-10T07:39:25+00:00\",\"dateModified\":\"2025-01-15T08:48:54+00:00\",\"mainEntityOfPage\":{\"@id\":\"https:\\\/\\\/www.olmar.com\\\/es\\\/olmar-la-cabeza-del-sector-aeronautico-sur-europa\\\/\"},\"wordCount\":187,\"commentCount\":0,\"image\":{\"@id\":\"https:\\\/\\\/www.olmar.com\\\/es\\\/olmar-la-cabeza-del-sector-aeronautico-sur-europa\\\/#primaryimage\"},\"thumbnailUrl\":\"https:\\\/\\\/www.olmar.com\\\/wp-content\\\/uploads\\\/2016\\\/08\\\/OlmarcabezasectoraeronauticosurEuropa.jpg\",\"keywords\":[\"airbus\",\"autoclave\",\"composites\",\"embraer\",\"olmar\",\"Sur de Europa\",\"tier1\"],\"articleSection\":[\"es\"],\"inLanguage\":\"es\",\"potentialAction\":[{\"@type\":\"CommentAction\",\"name\":\"Comment\",\"target\":[\"https:\\\/\\\/www.olmar.com\\\/es\\\/olmar-la-cabeza-del-sector-aeronautico-sur-europa\\\/#respond\"]}]},{\"@type\":\"WebPage\",\"@id\":\"https:\\\/\\\/www.olmar.com\\\/es\\\/olmar-la-cabeza-del-sector-aeronautico-sur-europa\\\/\",\"url\":\"https:\\\/\\\/www.olmar.com\\\/es\\\/olmar-la-cabeza-del-sector-aeronautico-sur-europa\\\/\",\"name\":\"OLMAR A LA CABEZA DEL SECTOR AERON\u00c1UTICO EN EL SUR DE EUROPA - Olmar\",\"isPartOf\":{\"@id\":\"https:\\\/\\\/www.olmar.com\\\/es\\\/#website\"},\"primaryImageOfPage\":{\"@id\":\"https:\\\/\\\/www.olmar.com\\\/es\\\/olmar-la-cabeza-del-sector-aeronautico-sur-europa\\\/#primaryimage\"},\"image\":{\"@id\":\"https:\\\/\\\/www.olmar.com\\\/es\\\/olmar-la-cabeza-del-sector-aeronautico-sur-europa\\\/#primaryimage\"},\"thumbnailUrl\":\"https:\\\/\\\/www.olmar.com\\\/wp-content\\\/uploads\\\/2016\\\/08\\\/OlmarcabezasectoraeronauticosurEuropa.jpg\",\"datePublished\":\"2016-08-10T07:39:25+00:00\",\"dateModified\":\"2025-01-15T08:48:54+00:00\",\"author\":{\"@id\":\"https:\\\/\\\/www.olmar.com\\\/es\\\/#\\\/schema\\\/person\\\/1e3a9ace6046a05104258f3aead578f6\"},\"description\":\"La venta de un nuevo autoclave Olmar para tratamiento de materiales compuestos afianza a la compa\u00f1\u00eda como proveedor l\u00edder del sector aeron\u00e1utico en el Sur de Europa\",\"breadcrumb\":{\"@id\":\"https:\\\/\\\/www.olmar.com\\\/es\\\/olmar-la-cabeza-del-sector-aeronautico-sur-europa\\\/#breadcrumb\"},\"inLanguage\":\"es\",\"potentialAction\":[{\"@type\":\"ReadAction\",\"target\":[\"https:\\\/\\\/www.olmar.com\\\/es\\\/olmar-la-cabeza-del-sector-aeronautico-sur-europa\\\/\"]}]},{\"@type\":\"ImageObject\",\"inLanguage\":\"es\",\"@id\":\"https:\\\/\\\/www.olmar.com\\\/es\\\/olmar-la-cabeza-del-sector-aeronautico-sur-europa\\\/#primaryimage\",\"url\":\"https:\\\/\\\/www.olmar.com\\\/wp-content\\\/uploads\\\/2016\\\/08\\\/OlmarcabezasectoraeronauticosurEuropa.jpg\",\"contentUrl\":\"https:\\\/\\\/www.olmar.com\\\/wp-content\\\/uploads\\\/2016\\\/08\\\/OlmarcabezasectoraeronauticosurEuropa.jpg\",\"width\":200,\"height\":200},{\"@type\":\"BreadcrumbList\",\"@id\":\"https:\\\/\\\/www.olmar.com\\\/es\\\/olmar-la-cabeza-del-sector-aeronautico-sur-europa\\\/#breadcrumb\",\"itemListElement\":[{\"@type\":\"ListItem\",\"position\":1,\"name\":\"Home\",\"item\":\"https:\\\/\\\/www.olmar.com\\\/es\\\/\"},{\"@type\":\"ListItem\",\"position\":2,\"name\":\"OLMAR A LA CABEZA DEL SECTOR AERON\u00c1UTICO EN EL SUR DE EUROPA\"}]},{\"@type\":\"WebSite\",\"@id\":\"https:\\\/\\\/www.olmar.com\\\/es\\\/#website\",\"url\":\"https:\\\/\\\/www.olmar.com\\\/es\\\/\",\"name\":\"Olmar\",\"description\":\"Just another WordPress site\",\"potentialAction\":[{\"@type\":\"SearchAction\",\"target\":{\"@type\":\"EntryPoint\",\"urlTemplate\":\"https:\\\/\\\/www.olmar.com\\\/es\\\/?s={search_term_string}\"},\"query-input\":{\"@type\":\"PropertyValueSpecification\",\"valueRequired\":true,\"valueName\":\"search_term_string\"}}],\"inLanguage\":\"es\"},{\"@type\":\"Person\",\"@id\":\"https:\\\/\\\/www.olmar.com\\\/es\\\/#\\\/schema\\\/person\\\/1e3a9ace6046a05104258f3aead578f6\",\"name\":\"Olmar Test\",\"image\":{\"@type\":\"ImageObject\",\"inLanguage\":\"es\",\"@id\":\"https:\\\/\\\/secure.gravatar.com\\\/avatar\\\/7edcc658275cc7dbfe29928119393b8b62d949bd8602dc4255aae63156a2be37?s=96&d=mm&r=g\",\"url\":\"https:\\\/\\\/secure.gravatar.com\\\/avatar\\\/7edcc658275cc7dbfe29928119393b8b62d949bd8602dc4255aae63156a2be37?s=96&d=mm&r=g\",\"contentUrl\":\"https:\\\/\\\/secure.gravatar.com\\\/avatar\\\/7edcc658275cc7dbfe29928119393b8b62d949bd8602dc4255aae63156a2be37?s=96&d=mm&r=g\",\"caption\":\"Olmar Test\"}}]}<\/script>\n<!-- \/ Yoast SEO plugin. -->","yoast_head_json":{"title":"OLMAR A LA CABEZA DEL SECTOR AERON\u00c1UTICO EN EL SUR DE EUROPA - Olmar","description":"La venta de un nuevo autoclave Olmar para tratamiento de materiales compuestos afianza a la compa\u00f1\u00eda como proveedor l\u00edder del sector aeron\u00e1utico en el Sur de Europa","robots":{"index":"index","follow":"follow","max-snippet":"max-snippet:-1","max-image-preview":"max-image-preview:large","max-video-preview":"max-video-preview:-1"},"canonical":"https:\/\/www.olmar.com\/es\/olmar-la-cabeza-del-sector-aeronautico-sur-europa\/","og_locale":"es_ES","og_type":"article","og_title":"OLMAR A LA CABEZA DEL SECTOR AERON\u00c1UTICO EN EL SUR DE EUROPA - Olmar","og_description":"La venta de un nuevo autoclave Olmar para tratamiento de materiales compuestos afianza a la compa\u00f1\u00eda como proveedor l\u00edder del sector aeron\u00e1utico en el Sur de Europa","og_url":"https:\/\/www.olmar.com\/es\/olmar-la-cabeza-del-sector-aeronautico-sur-europa\/","og_site_name":"Olmar","article_published_time":"2016-08-10T07:39:25+00:00","article_modified_time":"2025-01-15T08:48:54+00:00","og_image":[{"width":200,"height":200,"url":"https:\/\/www.olmar.com\/wp-content\/uploads\/2016\/08\/OlmarcabezasectoraeronauticosurEuropa.jpg","type":"image\/jpeg"}],"author":"Olmar Test","twitter_card":"summary_large_image","twitter_misc":{"Escrito por":"Olmar Test","Tiempo de lectura":"1 minuto"},"schema":{"@context":"https:\/\/schema.org","@graph":[{"@type":"Article","@id":"https:\/\/www.olmar.com\/es\/olmar-la-cabeza-del-sector-aeronautico-sur-europa\/#article","isPartOf":{"@id":"https:\/\/www.olmar.com\/es\/olmar-la-cabeza-del-sector-aeronautico-sur-europa\/"},"author":{"name":"Olmar Test","@id":"https:\/\/www.olmar.com\/es\/#\/schema\/person\/1e3a9ace6046a05104258f3aead578f6"},"headline":"OLMAR A LA CABEZA DEL SECTOR AERON\u00c1UTICO EN EL SUR DE EUROPA","datePublished":"2016-08-10T07:39:25+00:00","dateModified":"2025-01-15T08:48:54+00:00","mainEntityOfPage":{"@id":"https:\/\/www.olmar.com\/es\/olmar-la-cabeza-del-sector-aeronautico-sur-europa\/"},"wordCount":187,"commentCount":0,"image":{"@id":"https:\/\/www.olmar.com\/es\/olmar-la-cabeza-del-sector-aeronautico-sur-europa\/#primaryimage"},"thumbnailUrl":"https:\/\/www.olmar.com\/wp-content\/uploads\/2016\/08\/OlmarcabezasectoraeronauticosurEuropa.jpg","keywords":["airbus","autoclave","composites","embraer","olmar","Sur de Europa","tier1"],"articleSection":["es"],"inLanguage":"es","potentialAction":[{"@type":"CommentAction","name":"Comment","target":["https:\/\/www.olmar.com\/es\/olmar-la-cabeza-del-sector-aeronautico-sur-europa\/#respond"]}]},{"@type":"WebPage","@id":"https:\/\/www.olmar.com\/es\/olmar-la-cabeza-del-sector-aeronautico-sur-europa\/","url":"https:\/\/www.olmar.com\/es\/olmar-la-cabeza-del-sector-aeronautico-sur-europa\/","name":"OLMAR A LA CABEZA DEL SECTOR AERON\u00c1UTICO EN EL SUR DE EUROPA - Olmar","isPartOf":{"@id":"https:\/\/www.olmar.com\/es\/#website"},"primaryImageOfPage":{"@id":"https:\/\/www.olmar.com\/es\/olmar-la-cabeza-del-sector-aeronautico-sur-europa\/#primaryimage"},"image":{"@id":"https:\/\/www.olmar.com\/es\/olmar-la-cabeza-del-sector-aeronautico-sur-europa\/#primaryimage"},"thumbnailUrl":"https:\/\/www.olmar.com\/wp-content\/uploads\/2016\/08\/OlmarcabezasectoraeronauticosurEuropa.jpg","datePublished":"2016-08-10T07:39:25+00:00","dateModified":"2025-01-15T08:48:54+00:00","author":{"@id":"https:\/\/www.olmar.com\/es\/#\/schema\/person\/1e3a9ace6046a05104258f3aead578f6"},"description":"La venta de un nuevo autoclave Olmar para tratamiento de materiales compuestos afianza a la compa\u00f1\u00eda como proveedor l\u00edder del sector aeron\u00e1utico en el Sur de Europa","breadcrumb":{"@id":"https:\/\/www.olmar.com\/es\/olmar-la-cabeza-del-sector-aeronautico-sur-europa\/#breadcrumb"},"inLanguage":"es","potentialAction":[{"@type":"ReadAction","target":["https:\/\/www.olmar.com\/es\/olmar-la-cabeza-del-sector-aeronautico-sur-europa\/"]}]},{"@type":"ImageObject","inLanguage":"es","@id":"https:\/\/www.olmar.com\/es\/olmar-la-cabeza-del-sector-aeronautico-sur-europa\/#primaryimage","url":"https:\/\/www.olmar.com\/wp-content\/uploads\/2016\/08\/OlmarcabezasectoraeronauticosurEuropa.jpg","contentUrl":"https:\/\/www.olmar.com\/wp-content\/uploads\/2016\/08\/OlmarcabezasectoraeronauticosurEuropa.jpg","width":200,"height":200},{"@type":"BreadcrumbList","@id":"https:\/\/www.olmar.com\/es\/olmar-la-cabeza-del-sector-aeronautico-sur-europa\/#breadcrumb","itemListElement":[{"@type":"ListItem","position":1,"name":"Home","item":"https:\/\/www.olmar.com\/es\/"},{"@type":"ListItem","position":2,"name":"OLMAR A LA CABEZA DEL SECTOR AERON\u00c1UTICO EN EL SUR DE EUROPA"}]},{"@type":"WebSite","@id":"https:\/\/www.olmar.com\/es\/#website","url":"https:\/\/www.olmar.com\/es\/","name":"Olmar","description":"Just another WordPress site","potentialAction":[{"@type":"SearchAction","target":{"@type":"EntryPoint","urlTemplate":"https:\/\/www.olmar.com\/es\/?s={search_term_string}"},"query-input":{"@type":"PropertyValueSpecification","valueRequired":true,"valueName":"search_term_string"}}],"inLanguage":"es"},{"@type":"Person","@id":"https:\/\/www.olmar.com\/es\/#\/schema\/person\/1e3a9ace6046a05104258f3aead578f6","name":"Olmar Test","image":{"@type":"ImageObject","inLanguage":"es","@id":"https:\/\/secure.gravatar.com\/avatar\/7edcc658275cc7dbfe29928119393b8b62d949bd8602dc4255aae63156a2be37?s=96&d=mm&r=g","url":"https:\/\/secure.gravatar.com\/avatar\/7edcc658275cc7dbfe29928119393b8b62d949bd8602dc4255aae63156a2be37?s=96&d=mm&r=g","contentUrl":"https:\/\/secure.gravatar.com\/avatar\/7edcc658275cc7dbfe29928119393b8b62d949bd8602dc4255aae63156a2be37?s=96&d=mm&r=g","caption":"Olmar Test"}}]}},"_links":{"self":[{"href":"https:\/\/www.olmar.com\/es\/wp-json\/wp\/v2\/posts\/11391","targetHints":{"allow":["GET"]}}],"collection":[{"href":"https:\/\/www.olmar.com\/es\/wp-json\/wp\/v2\/posts"}],"about":[{"href":"https:\/\/www.olmar.com\/es\/wp-json\/wp\/v2\/types\/post"}],"author":[{"embeddable":true,"href":"https:\/\/www.olmar.com\/es\/wp-json\/wp\/v2\/users\/2"}],"replies":[{"embeddable":true,"href":"https:\/\/www.olmar.com\/es\/wp-json\/wp\/v2\/comments?post=11391"}],"version-history":[{"count":0,"href":"https:\/\/www.olmar.com\/es\/wp-json\/wp\/v2\/posts\/11391\/revisions"}],"wp:featuredmedia":[{"embeddable":true,"href":"https:\/\/www.olmar.com\/es\/wp-json\/wp\/v2\/media\/255510"}],"wp:attachment":[{"href":"https:\/\/www.olmar.com\/es\/wp-json\/wp\/v2\/media?parent=11391"}],"wp:term":[{"taxonomy":"category","embeddable":true,"href":"https:\/\/www.olmar.com\/es\/wp-json\/wp\/v2\/categories?post=11391"},{"taxonomy":"post_tag","embeddable":true,"href":"https:\/\/www.olmar.com\/es\/wp-json\/wp\/v2\/tags?post=11391"}],"curies":[{"name":"wp","href":"https:\/\/api.w.org\/{rel}","templated":true}]}}